{"id":976,"date":"2022-04-16T21:19:37","date_gmt":"2022-04-17T00:19:37","guid":{"rendered":"https:\/\/fala.host\/?p=976"},"modified":"2022-04-16T21:19:38","modified_gmt":"2022-04-17T00:19:38","slug":"na-sua-opiniao-bolsonaro-ganha-no-primeiro-turno-ou-nao","status":"publish","type":"post","link":"https:\/\/fala.host\/index.php\/2022\/04\/16\/na-sua-opiniao-bolsonaro-ganha-no-primeiro-turno-ou-nao\/","title":{"rendered":"Na sua opini\u00e3o Bolsonaro ganha no primeiro turno ou n\u00e3o?"},"content":{"rendered":"\n<p class=\"has-medium-font-size\">Muito se fala na internet sobre Bolsonaro ter apoio em massa por onde passa, sendo carregado nos ombros do povo, assustando seus principal concorrente que nem pode sair nas ruas, pois \u00e9 xingado, agredido, difamado. Ent\u00e3o a Equipe do <strong>FALA.HOST<\/strong> quer saber a sua opini\u00e3o. Voc\u00ea acha que Bolsonaro vence no primeiro turno ou n\u00e3o? E qual a porcentagem de votos?<\/p>\n\n\n\n<h2 class=\"wp-block-heading\" id=\"block-f34d69d8-3bb8-44a2-8a1a-dca5b6d3b4c4\">Segue abaixo a enquete<\/h2>\n\n\n\n\n\n\n\n<h2 class=\"wp-block-heading\" id=\"block-21820b27-f76f-430a-9529-d43ef57e132a\">Participe de nossos gruposnas redes sociais:<\/h2>\n\n\n\n<figure class=\"wp-block-embed is-type-wp-embed is-provider-fala-host wp-block-embed-fala-host\"><div class=\"wp-block-embed__wrapper\">\n<blockquote class=\"wp-embedded-content\" data-secret=\"VIOEt41ONB\"><a href=\"https:\/\/fala.host\/index.php\/grupos\/\">Grupos<\/a><\/blockquote><iframe class=\"wp-embedded-content\" sandbox=\"allow-scripts\" security=\"restricted\" style=\"position: absolute; clip: rect(1px, 1px, 1px, 1px);\" title=\"&#8220;Grupos&#8221; &#8212; Fala Host\" src=\"https:\/\/fala.host\/index.php\/grupos\/embed\/#?secret=esecBRkWMm#?secret=VIOEt41ONB\" data-secret=\"VIOEt41ONB\" width=\"600\" height=\"338\" frameborder=\"0\" marginwidth=\"0\" marginheight=\"0\" scrolling=\"no\"><\/iframe>\n<\/div><\/figure>\n\n\n\n<h2 class=\"wp-block-heading\" id=\"block-34e63179-66eb-4f12-be83-d8a91651a790\">Aproveite e vote nessas enquetes tamb\u00e9m:<\/h2>\n\n\n\n<figure class=\"wp-block-embed is-type-wp-embed is-provider-fala-host wp-block-embed-fala-host\"><div class=\"wp-block-embed__wrapper\">\n<blockquote class=\"wp-embedded-content\" data-secret=\"oQdXiMf9Yb\"><a href=\"https:\/\/fala.host\/index.php\/2021\/07\/25\/em-quem-voce-votaria-nas-eleicoes-de-2022\/\">Em quem voc\u00ea votaria nas elei\u00e7\u00f5es de 2022?<\/a><\/blockquote><iframe class=\"wp-embedded-content\" sandbox=\"allow-scripts\" security=\"restricted\" style=\"position: absolute; clip: rect(1px, 1px, 1px, 1px);\" title=\"&#8220;Em quem voc\u00ea votaria nas elei\u00e7\u00f5es de 2022?&#8221; &#8212; Fala Host\" src=\"https:\/\/fala.host\/index.php\/2021\/07\/25\/em-quem-voce-votaria-nas-eleicoes-de-2022\/embed\/#?secret=40wVRmkR7l#?secret=oQdXiMf9Yb\" data-secret=\"oQdXiMf9Yb\" width=\"600\" height=\"338\" frameborder=\"0\" marginwidth=\"0\" marginheight=\"0\" scrolling=\"no\"><\/iframe>\n<\/div><\/figure>\n\n\n\n<figure class=\"wp-block-embed is-type-wp-embed is-provider-fala-host wp-block-embed-fala-host\"><div class=\"wp-block-embed__wrapper\">\n<blockquote class=\"wp-embedded-content\" data-secret=\"40bLxUnGEd\"><a href=\"https:\/\/fala.host\/index.php\/2022\/03\/22\/se-a-atual-deputada-carla-zambelli-se-recandidatar-voce-votaria-nela\/\">Se a atual Deputada Carla Zambelli se recandidatar voc\u00ea votaria nela?<\/a><\/blockquote><iframe class=\"wp-embedded-content\" sandbox=\"allow-scripts\" security=\"restricted\" style=\"position: absolute; clip: rect(1px, 1px, 1px, 1px);\" title=\"&#8220;Se a atual Deputada Carla Zambelli se recandidatar voc\u00ea votaria nela?&#8221; &#8212; Fala Host\" src=\"https:\/\/fala.host\/index.php\/2022\/03\/22\/se-a-atual-deputada-carla-zambelli-se-recandidatar-voce-votaria-nela\/embed\/#?secret=ppbZXAfUtH#?secret=40bLxUnGEd\" data-secret=\"40bLxUnGEd\" width=\"600\" height=\"338\" frameborder=\"0\" marginwidth=\"0\" marginheight=\"0\" scrolling=\"no\"><\/iframe>\n<\/div><\/figure>\n\n\n\n<figure class=\"wp-block-embed is-type-wp-embed is-provider-fala-host wp-block-embed-fala-host\"><div class=\"wp-block-embed__wrapper\">\n<blockquote class=\"wp-embedded-content\" data-secret=\"lPKTJQle1g\"><a href=\"https:\/\/fala.host\/index.php\/2022\/03\/19\/se-o-luciano-hang-se-candidatar-ao-senador-voce-votaria-nele\/\">Se o Luciano Hang se candidatar ao Senador voc\u00ea votaria nele?<\/a><\/blockquote><iframe class=\"wp-embedded-content\" sandbox=\"allow-scripts\" security=\"restricted\" style=\"position: absolute; clip: rect(1px, 1px, 1px, 1px);\" title=\"&#8220;Se o Luciano Hang se candidatar ao Senador voc\u00ea votaria nele?&#8221; &#8212; Fala Host\" src=\"https:\/\/fala.host\/index.php\/2022\/03\/19\/se-o-luciano-hang-se-candidatar-ao-senador-voce-votaria-nele\/embed\/#?secret=AvYdyZ8wXr#?secret=lPKTJQle1g\" data-secret=\"lPKTJQle1g\" width=\"600\" height=\"338\" frameborder=\"0\" marginwidth=\"0\" marginheight=\"0\" scrolling=\"no\"><\/iframe>\n<\/div><\/figure>\n\n\n\n<figure class=\"wp-block-embed is-type-wp-embed is-provider-fala-host wp-block-embed-fala-host\"><div class=\"wp-block-embed__wrapper\">\n<blockquote class=\"wp-embedded-content\" data-secret=\"tQevU8sXy7\"><a href=\"https:\/\/fala.host\/index.php\/2022\/03\/18\/se-a-barbara-se-candidatar-ao-senado-voce-votaria-nela\/\">Se a B\u00e1rbara se candidatar ao Senado voc\u00ea votaria nela?<\/a><\/blockquote><iframe class=\"wp-embedded-content\" sandbox=\"allow-scripts\" security=\"restricted\" style=\"position: absolute; clip: rect(1px, 1px, 1px, 1px);\" title=\"&#8220;Se a B\u00e1rbara se candidatar ao Senado voc\u00ea votaria nela?&#8221; &#8212; Fala Host\" src=\"https:\/\/fala.host\/index.php\/2022\/03\/18\/se-a-barbara-se-candidatar-ao-senado-voce-votaria-nela\/embed\/#?secret=8g6HyJGlgB#?secret=tQevU8sXy7\" data-secret=\"tQevU8sXy7\" width=\"600\" height=\"338\" frameborder=\"0\" marginwidth=\"0\" marginheight=\"0\" scrolling=\"no\"><\/iframe>\n<\/div><\/figure>\n\n\n\n<figure class=\"wp-block-embed is-type-wp-embed is-provider-fala-host wp-block-embed-fala-host\"><div class=\"wp-block-embed__wrapper\">\n<blockquote class=\"wp-embedded-content\" data-secret=\"NS81Sc07tO\"><a href=\"https:\/\/fala.host\/index.php\/2021\/12\/28\/se-a-dra-raissa-soares-se-candidatar-ao-senado-voce-votaria-nela\/\">Se a Dra Raissa Soares se candidatar ao Senado voc\u00ea votaria nela?<\/a><\/blockquote><iframe class=\"wp-embedded-content\" sandbox=\"allow-scripts\" security=\"restricted\" style=\"position: absolute; clip: rect(1px, 1px, 1px, 1px);\" title=\"&#8220;Se a Dra Raissa Soares se candidatar ao Senado voc\u00ea votaria nela?&#8221; &#8212; Fala Host\" src=\"https:\/\/fala.host\/index.php\/2021\/12\/28\/se-a-dra-raissa-soares-se-candidatar-ao-senado-voce-votaria-nela\/embed\/#?secret=3VFtk3Dr3o#?secret=NS81Sc07tO\" data-secret=\"NS81Sc07tO\" width=\"600\" height=\"338\" frameborder=\"0\" marginwidth=\"0\" marginheight=\"0\" scrolling=\"no\"><\/iframe>\n<\/div><\/figure>\n\n\n\n<figure class=\"wp-block-embed is-type-wp-embed is-provider-fala-host wp-block-embed-fala-host\"><div class=\"wp-block-embed__wrapper\">\n<blockquote class=\"wp-embedded-content\" data-secret=\"SwPafehucX\"><a href=\"https:\/\/fala.host\/index.php\/2021\/12\/23\/se-a-dra-nise-yamaguchi-se-candidatar-ao-senado-voce-votaria-nela\/\">Se a Dra Nise Yamaguchi se candidatar ao Senado voc\u00ea votaria nela?<\/a><\/blockquote><iframe class=\"wp-embedded-content\" sandbox=\"allow-scripts\" security=\"restricted\" style=\"position: absolute; clip: rect(1px, 1px, 1px, 1px);\" title=\"&#8220;Se a Dra Nise Yamaguchi se candidatar ao Senado voc\u00ea votaria nela?&#8221; &#8212; Fala Host\" src=\"https:\/\/fala.host\/index.php\/2021\/12\/23\/se-a-dra-nise-yamaguchi-se-candidatar-ao-senado-voce-votaria-nela\/embed\/#?secret=BK8Ba9uwsd#?secret=SwPafehucX\" data-secret=\"SwPafehucX\" width=\"600\" height=\"338\" frameborder=\"0\" marginwidth=\"0\" marginheight=\"0\" scrolling=\"no\"><\/iframe>\n<\/div><\/figure>\n\n\n\n<figure class=\"wp-block-embed is-type-wp-embed is-provider-fala-host wp-block-embed-fala-host\"><div class=\"wp-block-embed__wrapper\">\n<blockquote class=\"wp-embedded-content\" data-secret=\"jqt4PiR2X3\"><a href=\"https:\/\/fala.host\/index.php\/2021\/09\/12\/se-o-ministro-tarcisio-se-candidatar-ao-governo-de-sao-paulo-voce-vota-nele\/\">Se o Ministro Tarc\u00edsio se candidatar ao Governo de S\u00e3o Paulo voc\u00ea vota nele?<\/a><\/blockquote><iframe class=\"wp-embedded-content\" sandbox=\"allow-scripts\" security=\"restricted\" style=\"position: absolute; clip: rect(1px, 1px, 1px, 1px);\" title=\"&#8220;Se o Ministro Tarc\u00edsio se candidatar ao Governo de S\u00e3o Paulo voc\u00ea vota nele?&#8221; &#8212; Fala Host\" src=\"https:\/\/fala.host\/index.php\/2021\/09\/12\/se-o-ministro-tarcisio-se-candidatar-ao-governo-de-sao-paulo-voce-vota-nele\/embed\/#?secret=pq5TmRC8pZ#?secret=jqt4PiR2X3\" data-secret=\"jqt4PiR2X3\" width=\"600\" height=\"338\" frameborder=\"0\" marginwidth=\"0\" marginheight=\"0\" scrolling=\"no\"><\/iframe>\n<\/div><\/figure>\n","protected":false},"excerpt":{"rendered":"<p>Muito se fala na internet sobre Bolsonaro ter apoio em massa por onde passa, sendo&#8230;<\/p>\n","protected":false},"author":1,"featured_media":978,"comment_status":"open","ping_status":"open","sticky":false,"template":"","format":"standard","meta":{"om_disable_all_campaigns":false,"_monsterinsights_skip_tracking":false,"_monsterinsights_sitenote_active":false,"_monsterinsights_sitenote_note":"","_monsterinsights_sitenote_category":0,"footnotes":""},"categories":[66,43,18,10,57,1,21,9,4],"tags":[],"aioseo_notices":[],"_links":{"self":[{"href":"https:\/\/fala.host\/index.php\/wp-json\/wp\/v2\/posts\/976"}],"collection":[{"href":"https:\/\/fala.host\/index.php\/wp-json\/wp\/v2\/posts"}],"about":[{"href":"https:\/\/fala.host\/index.php\/wp-json\/wp\/v2\/types\/post"}],"author":[{"embeddable":true,"href":"https:\/\/fala.host\/index.php\/wp-json\/wp\/v2\/users\/1"}],"replies":[{"embeddable":true,"href":"https:\/\/fala.host\/index.php\/wp-json\/wp\/v2\/comments?post=976"}],"version-history":[{"count":2,"href":"https:\/\/fala.host\/index.php\/wp-json\/wp\/v2\/posts\/976\/revisions"}],"predecessor-version":[{"id":984,"href":"https:\/\/fala.host\/index.php\/wp-json\/wp\/v2\/posts\/976\/revisions\/984"}],"wp:featuredmedia":[{"embeddable":true,"href":"https:\/\/fala.host\/index.php\/wp-json\/wp\/v2\/media\/978"}],"wp:attachment":[{"href":"https:\/\/fala.host\/index.php\/wp-json\/wp\/v2\/media?parent=976"}],"wp:term":[{"taxonomy":"category","embeddable":true,"href":"https:\/\/fala.host\/index.php\/wp-json\/wp\/v2\/categories?post=976"},{"taxonomy":"post_tag","embeddable":true,"href":"https:\/\/fala.host\/index.php\/wp-json\/wp\/v2\/tags?post=976"}],"curies":[{"name":"wp","href":"https:\/\/api.w.org\/{rel}","templated":true}]}}