{"id":877,"date":"2022-04-08T10:56:02","date_gmt":"2022-04-08T13:56:02","guid":{"rendered":"https:\/\/fala.host\/?p=877"},"modified":"2022-04-08T10:56:04","modified_gmt":"2022-04-08T13:56:04","slug":"bolsonaro-veta-lei-paulo-gustavo-o-que-voce-achou","status":"publish","type":"post","link":"https:\/\/fala.host\/index.php\/2022\/04\/08\/bolsonaro-veta-lei-paulo-gustavo-o-que-voce-achou\/","title":{"rendered":"Bolsonaro veta lei Paulo Gustavo, o que voc\u00ea achou?"},"content":{"rendered":"\n<p class=\"has-medium-font-size\">O Presidente Bolsonaro vetou a famosa lei Paulo Gustavo, que derramava dinheiro p\u00fablico no setor da cultura, desabastecido com a diminui\u00e7\u00e3o do teto da lei Rouanet. Ent\u00e3o a Equipe do <strong>FALA.HOST<\/strong> quer saber a sua opini\u00e3o, em tempos de pandemia, de recupera\u00e7\u00e3o econ\u00f4mica da destrui\u00e7\u00e3o causada pelos Governadores que fecharam os com\u00e9rcios e instauraram o &#8220;fique em casa&#8221;, voc\u00ea foi a favor do veto do Presidente ou n\u00e3o?<\/p>\n\n\n\n<h2 class=\"wp-block-heading\" id=\"block-f34d69d8-3bb8-44a2-8a1a-dca5b6d3b4c4\">Segue abaixo a enquete<\/h2>\n\n\n\n\n\n\n<h2 class=\"wp-block-heading\" id=\"block-21820b27-f76f-430a-9529-d43ef57e132a\">Participe de nossos gruposnas redes sociais:<\/h2>\n\n\n\n<figure class=\"wp-block-embed is-type-wp-embed is-provider-fala-host wp-block-embed-fala-host\"><div class=\"wp-block-embed__wrapper\">\n<blockquote class=\"wp-embedded-content\" data-secret=\"LYMLbzrtbX\"><a href=\"https:\/\/fala.host\/index.php\/grupos\/\">Grupos<\/a><\/blockquote><iframe class=\"wp-embedded-content\" sandbox=\"allow-scripts\" security=\"restricted\" style=\"position: absolute; clip: rect(1px, 1px, 1px, 1px);\" title=\"&#8220;Grupos&#8221; &#8212; Fala Host\" src=\"https:\/\/fala.host\/index.php\/grupos\/embed\/#?secret=kUdvxSvkBD#?secret=LYMLbzrtbX\" data-secret=\"LYMLbzrtbX\" width=\"600\" height=\"338\" frameborder=\"0\" marginwidth=\"0\" marginheight=\"0\" scrolling=\"no\"><\/iframe>\n<\/div><\/figure>\n\n\n\n<h2 class=\"wp-block-heading\" id=\"block-34e63179-66eb-4f12-be83-d8a91651a790\">Aproveite e vote nessas enquetes tamb\u00e9m:<\/h2>\n\n\n\n<figure class=\"wp-block-embed is-type-wp-embed is-provider-fala-host wp-block-embed-fala-host\"><div class=\"wp-block-embed__wrapper\">\n<blockquote class=\"wp-embedded-content\" data-secret=\"Ul2GtLZu1j\"><a href=\"https:\/\/fala.host\/index.php\/2022\/02\/04\/o-que-voce-achou-do-mega-aumento-do-piso-salarial-dos-professores\/\">O que voc\u00ea achou do MEGA AUMENTO do piso salarial dos professores?<\/a><\/blockquote><iframe class=\"wp-embedded-content\" sandbox=\"allow-scripts\" security=\"restricted\" style=\"position: absolute; clip: rect(1px, 1px, 1px, 1px);\" title=\"&#8220;O que voc\u00ea achou do MEGA AUMENTO do piso salarial dos professores?&#8221; &#8212; Fala Host\" src=\"https:\/\/fala.host\/index.php\/2022\/02\/04\/o-que-voce-achou-do-mega-aumento-do-piso-salarial-dos-professores\/embed\/#?secret=S08DWHhyWQ#?secret=Ul2GtLZu1j\" data-secret=\"Ul2GtLZu1j\" width=\"600\" height=\"338\" frameborder=\"0\" marginwidth=\"0\" marginheight=\"0\" scrolling=\"no\"><\/iframe>\n<\/div><\/figure>\n\n\n\n<figure class=\"wp-block-embed is-type-wp-embed is-provider-fala-host wp-block-embed-fala-host\"><div class=\"wp-block-embed__wrapper\">\n<blockquote class=\"wp-embedded-content\" data-secret=\"cs4gekSFas\"><a href=\"https:\/\/fala.host\/index.php\/2021\/11\/01\/o-que-voce-achou-da-portaria-620-2021-mtp-proibindo-demissao-por-falta-de-vacinacao\/\">O que voc\u00ea achou da portaria 620\/2021\/MTP proibindo demiss\u00e3o por falta de vacina\u00e7\u00e3o?<\/a><\/blockquote><iframe class=\"wp-embedded-content\" sandbox=\"allow-scripts\" security=\"restricted\" style=\"position: absolute; clip: rect(1px, 1px, 1px, 1px);\" title=\"&#8220;O que voc\u00ea achou da portaria 620\/2021\/MTP proibindo demiss\u00e3o por falta de vacina\u00e7\u00e3o?&#8221; &#8212; Fala Host\" src=\"https:\/\/fala.host\/index.php\/2021\/11\/01\/o-que-voce-achou-da-portaria-620-2021-mtp-proibindo-demissao-por-falta-de-vacinacao\/embed\/#?secret=E9uO6OcURU#?secret=cs4gekSFas\" data-secret=\"cs4gekSFas\" width=\"600\" height=\"338\" frameborder=\"0\" marginwidth=\"0\" marginheight=\"0\" scrolling=\"no\"><\/iframe>\n<\/div><\/figure>\n\n\n\n<figure class=\"wp-block-embed is-type-wp-embed is-provider-fala-host wp-block-embed-fala-host\"><div class=\"wp-block-embed__wrapper\">\n<blockquote class=\"wp-embedded-content\" data-secret=\"vzRlqmqGOW\"><a href=\"https:\/\/fala.host\/index.php\/2021\/09\/05\/quais-foram-os-maiores-feitos-de-bolsonaro\/\">Quais foram os maiores feitos de Bolsonaro?<\/a><\/blockquote><iframe class=\"wp-embedded-content\" sandbox=\"allow-scripts\" security=\"restricted\" style=\"position: absolute; clip: rect(1px, 1px, 1px, 1px);\" title=\"&#8220;Quais foram os maiores feitos de Bolsonaro?&#8221; &#8212; Fala Host\" src=\"https:\/\/fala.host\/index.php\/2021\/09\/05\/quais-foram-os-maiores-feitos-de-bolsonaro\/embed\/#?secret=RCmQymytOC#?secret=vzRlqmqGOW\" data-secret=\"vzRlqmqGOW\" width=\"600\" height=\"338\" frameborder=\"0\" marginwidth=\"0\" marginheight=\"0\" scrolling=\"no\"><\/iframe>\n<\/div><\/figure>\n\n\n\n<figure class=\"wp-block-embed is-type-wp-embed is-provider-fala-host wp-block-embed-fala-host\"><div class=\"wp-block-embed__wrapper\">\n<blockquote class=\"wp-embedded-content\" data-secret=\"uaYUfx58cc\"><a href=\"https:\/\/fala.host\/index.php\/2021\/08\/28\/na-sua-opiniao-quais-as-pautas-mais-importantes-para-o-brasil-nesse-momento\/\">Na sua opini\u00e3o quais as pautas mais importantes para o Brasil nesse momento?<\/a><\/blockquote><iframe class=\"wp-embedded-content\" sandbox=\"allow-scripts\" security=\"restricted\" style=\"position: absolute; clip: rect(1px, 1px, 1px, 1px);\" title=\"&#8220;Na sua opini\u00e3o quais as pautas mais importantes para o Brasil nesse momento?&#8221; &#8212; Fala Host\" src=\"https:\/\/fala.host\/index.php\/2021\/08\/28\/na-sua-opiniao-quais-as-pautas-mais-importantes-para-o-brasil-nesse-momento\/embed\/#?secret=EPDHoc8k9w#?secret=uaYUfx58cc\" data-secret=\"uaYUfx58cc\" width=\"600\" height=\"338\" frameborder=\"0\" marginwidth=\"0\" marginheight=\"0\" scrolling=\"no\"><\/iframe>\n<\/div><\/figure>\n","protected":false},"excerpt":{"rendered":"<p>O Presidente Bolsonaro vetou a famosa lei Paulo Gustavo, que derramava dinheiro p\u00fablico no setor&#8230;<\/p>\n","protected":false},"author":1,"featured_media":878,"comment_status":"open","ping_status":"open","sticky":false,"template":"","format":"standard","meta":{"om_disable_all_campaigns":false,"_monsterinsights_skip_tracking":false,"_monsterinsights_sitenote_active":false,"_monsterinsights_sitenote_note":"","_monsterinsights_sitenote_category":0,"footnotes":""},"categories":[43,109,110,1],"tags":[],"aioseo_notices":[],"_links":{"self":[{"href":"https:\/\/fala.host\/index.php\/wp-json\/wp\/v2\/posts\/877"}],"collection":[{"href":"https:\/\/fala.host\/index.php\/wp-json\/wp\/v2\/posts"}],"about":[{"href":"https:\/\/fala.host\/index.php\/wp-json\/wp\/v2\/types\/post"}],"author":[{"embeddable":true,"href":"https:\/\/fala.host\/index.php\/wp-json\/wp\/v2\/users\/1"}],"replies":[{"embeddable":true,"href":"https:\/\/fala.host\/index.php\/wp-json\/wp\/v2\/comments?post=877"}],"version-history":[{"count":1,"href":"https:\/\/fala.host\/index.php\/wp-json\/wp\/v2\/posts\/877\/revisions"}],"predecessor-version":[{"id":879,"href":"https:\/\/fala.host\/index.php\/wp-json\/wp\/v2\/posts\/877\/revisions\/879"}],"wp:featuredmedia":[{"embeddable":true,"href":"https:\/\/fala.host\/index.php\/wp-json\/wp\/v2\/media\/878"}],"wp:attachment":[{"href":"https:\/\/fala.host\/index.php\/wp-json\/wp\/v2\/media?parent=877"}],"wp:term":[{"taxonomy":"category","embeddable":true,"href":"https:\/\/fala.host\/index.php\/wp-json\/wp\/v2\/categories?post=877"},{"taxonomy":"post_tag","embeddable":true,"href":"https:\/\/fala.host\/index.php\/wp-json\/wp\/v2\/tags?post=877"}],"curies":[{"name":"wp","href":"https:\/\/api.w.org\/{rel}","templated":true}]}}