{"id":867,"date":"2022-04-04T22:07:53","date_gmt":"2022-04-05T01:07:53","guid":{"rendered":"https:\/\/fala.host\/?p=867"},"modified":"2022-04-04T22:07:57","modified_gmt":"2022-04-05T01:07:57","slug":"sobre-1964-voce-acredita-que-a-instauracao-do-regime-militar-foi-constitucional-ou-um-golpe-militar","status":"publish","type":"post","link":"https:\/\/fala.host\/index.php\/2022\/04\/04\/sobre-1964-voce-acredita-que-a-instauracao-do-regime-militar-foi-constitucional-ou-um-golpe-militar\/","title":{"rendered":"Sobre 1964: Voc\u00ea acredita que a instaura\u00e7\u00e3o do regime militar foi constitucional ou um golpe militar?"},"content":{"rendered":"\n<p>Acesse a <a href=\"https:\/\/www.planalto.gov.br\/ccivil_03\/Constituicao\/Constituicao46.htm\" target=\"_blank\" rel=\"noreferrer noopener\">Constitui\u00e7\u00e3o Federal de 1946, vigente em 1964<\/a>.<\/p>\n\n\n\n<p class=\"has-medium-font-size\">A maioria dos livros escolares trata o per\u00edodo de 1964 a 1985 como o per\u00edodo de ditadura militar, mesmo tendo o povo ido \u00e0s ruas pedir a interven\u00e7\u00e3o e tendo o congresso aprovado a vac\u00e2ncia do maior cargo executivo. Uns dizem que o per\u00edodo militar foi um sofrimento imenso, onde muitos foram censurados, torturados e mortos, por\u00e9m de outro lado muitos elogiam o per\u00edodo, todos tinham paz, podiam ir e vir tranq\u00fcilamente, bandido era tratado como bandido. Ent\u00e3o a Equipe do FALA.HOST quer saber a sua opini\u00e3o.<\/p>\n\n\n\n<h2 class=\"wp-block-heading\" id=\"block-f34d69d8-3bb8-44a2-8a1a-dca5b6d3b4c4\">Segue abaixo a enquete<\/h2>\n\n\n\n\n\n\n<h2 class=\"wp-block-heading\" id=\"block-21820b27-f76f-430a-9529-d43ef57e132a\">Participe de nossos gruposnas redes sociais:<\/h2>\n\n\n\n<figure class=\"wp-block-embed is-type-wp-embed is-provider-fala-host wp-block-embed-fala-host\"><div class=\"wp-block-embed__wrapper\">\n<blockquote class=\"wp-embedded-content\" data-secret=\"fB16VEQQuv\"><a href=\"https:\/\/fala.host\/index.php\/grupos\/\">Grupos<\/a><\/blockquote><iframe class=\"wp-embedded-content\" sandbox=\"allow-scripts\" security=\"restricted\" style=\"position: absolute; clip: rect(1px, 1px, 1px, 1px);\" title=\"&#8220;Grupos&#8221; &#8212; Fala Host\" src=\"https:\/\/fala.host\/index.php\/grupos\/embed\/#?secret=BO83Q94W4I#?secret=fB16VEQQuv\" data-secret=\"fB16VEQQuv\" width=\"600\" height=\"338\" frameborder=\"0\" marginwidth=\"0\" marginheight=\"0\" scrolling=\"no\"><\/iframe>\n<\/div><\/figure>\n\n\n\n<h2 class=\"wp-block-heading\" id=\"block-34e63179-66eb-4f12-be83-d8a91651a790\">Aproveite e vote nessas enquetes tamb\u00e9m:<\/h2>\n\n\n\n<figure class=\"wp-block-embed is-type-wp-embed is-provider-fala-host wp-block-embed-fala-host\"><div class=\"wp-block-embed__wrapper\">\n<blockquote class=\"wp-embedded-content\" data-secret=\"DhnM7xjJ7W\"><a href=\"https:\/\/fala.host\/index.php\/2021\/08\/18\/general-heleno-se-o-art-142-esta-na-cf-e-pra-ser-usado-voce-concorda-com-intervencao-militar-como-deveria-ser\/\">General Heleno: Se o art. 142 est\u00e1 na CF \u00e9 pra ser usado. Voc\u00ea concorda com interven\u00e7\u00e3o militar? Como deveria ser?<\/a><\/blockquote><iframe class=\"wp-embedded-content\" sandbox=\"allow-scripts\" security=\"restricted\" style=\"position: absolute; clip: rect(1px, 1px, 1px, 1px);\" title=\"&#8220;General Heleno: Se o art. 142 est\u00e1 na CF \u00e9 pra ser usado. Voc\u00ea concorda com interven\u00e7\u00e3o militar? Como deveria ser?&#8221; &#8212; Fala Host\" src=\"https:\/\/fala.host\/index.php\/2021\/08\/18\/general-heleno-se-o-art-142-esta-na-cf-e-pra-ser-usado-voce-concorda-com-intervencao-militar-como-deveria-ser\/embed\/#?secret=er2AlprXQZ#?secret=DhnM7xjJ7W\" data-secret=\"DhnM7xjJ7W\" width=\"600\" height=\"338\" frameborder=\"0\" marginwidth=\"0\" marginheight=\"0\" scrolling=\"no\"><\/iframe>\n<\/div><\/figure>\n\n\n\n<figure class=\"wp-block-embed is-type-wp-embed is-provider-fala-host wp-block-embed-fala-host\"><div class=\"wp-block-embed__wrapper\">\n<blockquote class=\"wp-embedded-content\" data-secret=\"x6TfyMhvMv\"><a href=\"https:\/\/fala.host\/index.php\/2022\/01\/25\/qual-a-sua-opiniao-sobre-as-escolas-civico-militares\/\">Qual a sua opini\u00e3o sobre as escolas c\u00edvico-militares?<\/a><\/blockquote><iframe class=\"wp-embedded-content\" sandbox=\"allow-scripts\" security=\"restricted\" style=\"position: absolute; clip: rect(1px, 1px, 1px, 1px);\" title=\"&#8220;Qual a sua opini\u00e3o sobre as escolas c\u00edvico-militares?&#8221; &#8212; Fala Host\" src=\"https:\/\/fala.host\/index.php\/2022\/01\/25\/qual-a-sua-opiniao-sobre-as-escolas-civico-militares\/embed\/#?secret=LLMF2WYcaH#?secret=x6TfyMhvMv\" data-secret=\"x6TfyMhvMv\" width=\"600\" height=\"338\" frameborder=\"0\" marginwidth=\"0\" marginheight=\"0\" scrolling=\"no\"><\/iframe>\n<\/div><\/figure>\n\n\n\n<figure class=\"wp-block-embed is-type-wp-embed is-provider-fala-host wp-block-embed-fala-host\"><div class=\"wp-block-embed__wrapper\">\n<blockquote class=\"wp-embedded-content\" data-secret=\"EJElWN9v3V\"><a href=\"https:\/\/fala.host\/index.php\/2022\/03\/23\/voce-e-a-favor-da-criacao-de-uma-lei-para-obrigar-seguranca-armada-nas-escolas\/\">ENQUETE:  Penas mais duras, seguran\u00e7a armada e detector de metais nas escolas?<\/a><\/blockquote><iframe class=\"wp-embedded-content\" sandbox=\"allow-scripts\" security=\"restricted\" style=\"position: absolute; clip: rect(1px, 1px, 1px, 1px);\" title=\"&#8220;ENQUETE:  Penas mais duras, seguran\u00e7a armada e detector de metais nas escolas?&#8221; &#8212; Fala Host\" src=\"https:\/\/fala.host\/index.php\/2022\/03\/23\/voce-e-a-favor-da-criacao-de-uma-lei-para-obrigar-seguranca-armada-nas-escolas\/embed\/#?secret=to6HRK4Ure#?secret=EJElWN9v3V\" data-secret=\"EJElWN9v3V\" width=\"600\" height=\"338\" frameborder=\"0\" marginwidth=\"0\" marginheight=\"0\" scrolling=\"no\"><\/iframe>\n<\/div><\/figure>\n","protected":false},"excerpt":{"rendered":"<p>Acesse a Constitui\u00e7\u00e3o Federal de 1946, vigente em 1964. A maioria dos livros escolares trata&#8230;<\/p>\n","protected":false},"author":1,"featured_media":869,"comment_status":"open","ping_status":"open","sticky":false,"template":"","format":"standard","meta":{"om_disable_all_campaigns":false,"_monsterinsights_skip_tracking":false,"_monsterinsights_sitenote_active":false,"_monsterinsights_sitenote_note":"","_monsterinsights_sitenote_category":0,"footnotes":""},"categories":[1],"tags":[],"aioseo_notices":[],"_links":{"self":[{"href":"https:\/\/fala.host\/index.php\/wp-json\/wp\/v2\/posts\/867"}],"collection":[{"href":"https:\/\/fala.host\/index.php\/wp-json\/wp\/v2\/posts"}],"about":[{"href":"https:\/\/fala.host\/index.php\/wp-json\/wp\/v2\/types\/post"}],"author":[{"embeddable":true,"href":"https:\/\/fala.host\/index.php\/wp-json\/wp\/v2\/users\/1"}],"replies":[{"embeddable":true,"href":"https:\/\/fala.host\/index.php\/wp-json\/wp\/v2\/comments?post=867"}],"version-history":[{"count":1,"href":"https:\/\/fala.host\/index.php\/wp-json\/wp\/v2\/posts\/867\/revisions"}],"predecessor-version":[{"id":870,"href":"https:\/\/fala.host\/index.php\/wp-json\/wp\/v2\/posts\/867\/revisions\/870"}],"wp:featuredmedia":[{"embeddable":true,"href":"https:\/\/fala.host\/index.php\/wp-json\/wp\/v2\/media\/869"}],"wp:attachment":[{"href":"https:\/\/fala.host\/index.php\/wp-json\/wp\/v2\/media?parent=867"}],"wp:term":[{"taxonomy":"category","embeddable":true,"href":"https:\/\/fala.host\/index.php\/wp-json\/wp\/v2\/categories?post=867"},{"taxonomy":"post_tag","embeddable":true,"href":"https:\/\/fala.host\/index.php\/wp-json\/wp\/v2\/tags?post=867"}],"curies":[{"name":"wp","href":"https:\/\/api.w.org\/{rel}","templated":true}]}}