{"id":863,"date":"2022-04-03T20:40:46","date_gmt":"2022-04-03T23:40:46","guid":{"rendered":"https:\/\/fala.host\/?p=863"},"modified":"2022-04-03T20:40:49","modified_gmt":"2022-04-03T23:40:49","slug":"tema-aborto-qual-a-sua-posicao","status":"publish","type":"post","link":"https:\/\/fala.host\/index.php\/2022\/04\/03\/tema-aborto-qual-a-sua-posicao\/","title":{"rendered":"Tema Aborto qual a sua posi\u00e7\u00e3o?"},"content":{"rendered":"\n<p class=\"has-medium-font-size\">\u00c9 um tema muito pesado, mas precisamos mostrar qual a vontade popular, pois todo poder emana do povo e a ele o Estado deve servir. Voc\u00ea \u00e9 a favor ao aborto? \u00c9 contra? Em alguns casos? Em nenhum caso? Segue a enquete, vote com responsabilidade.<\/p>\n\n\n\n<h2 class=\"wp-block-heading\" id=\"block-f34d69d8-3bb8-44a2-8a1a-dca5b6d3b4c4\">Segue abaixo a enquete<\/h2>\n\n\n\n\n\n\n<h2 class=\"wp-block-heading\" id=\"block-21820b27-f76f-430a-9529-d43ef57e132a\">Participe de nossos gruposnas redes sociais:<\/h2>\n\n\n\n<figure class=\"wp-block-embed is-type-wp-embed is-provider-fala-host wp-block-embed-fala-host\"><div class=\"wp-block-embed__wrapper\">\n<blockquote class=\"wp-embedded-content\" data-secret=\"CK7lIhOQ5r\"><a href=\"https:\/\/fala.host\/index.php\/grupos\/\">Grupos<\/a><\/blockquote><iframe class=\"wp-embedded-content\" sandbox=\"allow-scripts\" security=\"restricted\" style=\"position: absolute; clip: rect(1px, 1px, 1px, 1px);\" title=\"&#8220;Grupos&#8221; &#8212; Fala Host\" src=\"https:\/\/fala.host\/index.php\/grupos\/embed\/#?secret=LteVl3dj2S#?secret=CK7lIhOQ5r\" data-secret=\"CK7lIhOQ5r\" width=\"600\" height=\"338\" frameborder=\"0\" marginwidth=\"0\" marginheight=\"0\" scrolling=\"no\"><\/iframe>\n<\/div><\/figure>\n\n\n\n<h2 class=\"wp-block-heading\" id=\"block-34e63179-66eb-4f12-be83-d8a91651a790\">Aproveite e vote nessas enquetes tamb\u00e9m:<\/h2>\n\n\n\n<figure class=\"wp-block-embed is-type-wp-embed is-provider-fala-host wp-block-embed-fala-host\"><div class=\"wp-block-embed__wrapper\">\n<blockquote class=\"wp-embedded-content\" data-secret=\"N5Z2pwLgdV\"><a href=\"https:\/\/fala.host\/index.php\/2021\/07\/25\/em-quem-voce-votaria-nas-eleicoes-de-2022\/\">Em quem voc\u00ea votaria nas elei\u00e7\u00f5es de 2022?<\/a><\/blockquote><iframe class=\"wp-embedded-content\" sandbox=\"allow-scripts\" security=\"restricted\" style=\"position: absolute; clip: rect(1px, 1px, 1px, 1px);\" title=\"&#8220;Em quem voc\u00ea votaria nas elei\u00e7\u00f5es de 2022?&#8221; &#8212; Fala Host\" src=\"https:\/\/fala.host\/index.php\/2021\/07\/25\/em-quem-voce-votaria-nas-eleicoes-de-2022\/embed\/#?secret=Qxu5XJJ1jm#?secret=N5Z2pwLgdV\" data-secret=\"N5Z2pwLgdV\" width=\"600\" height=\"338\" frameborder=\"0\" marginwidth=\"0\" marginheight=\"0\" scrolling=\"no\"><\/iframe>\n<\/div><\/figure>\n\n\n\n<figure class=\"wp-block-embed is-type-wp-embed is-provider-fala-host wp-block-embed-fala-host\"><div class=\"wp-block-embed__wrapper\">\n<blockquote class=\"wp-embedded-content\" data-secret=\"uiaVG79GDY\"><a href=\"https:\/\/fala.host\/index.php\/2022\/03\/22\/se-a-atual-deputada-carla-zambelli-se-recandidatar-voce-votaria-nela\/\">Se a atual Deputada Carla Zambelli se recandidatar voc\u00ea votaria nela?<\/a><\/blockquote><iframe class=\"wp-embedded-content\" sandbox=\"allow-scripts\" security=\"restricted\" style=\"position: absolute; clip: rect(1px, 1px, 1px, 1px);\" title=\"&#8220;Se a atual Deputada Carla Zambelli se recandidatar voc\u00ea votaria nela?&#8221; &#8212; Fala Host\" src=\"https:\/\/fala.host\/index.php\/2022\/03\/22\/se-a-atual-deputada-carla-zambelli-se-recandidatar-voce-votaria-nela\/embed\/#?secret=4v12s2Rm5q#?secret=uiaVG79GDY\" data-secret=\"uiaVG79GDY\" width=\"600\" height=\"338\" frameborder=\"0\" marginwidth=\"0\" marginheight=\"0\" scrolling=\"no\"><\/iframe>\n<\/div><\/figure>\n\n\n\n<figure class=\"wp-block-embed is-type-wp-embed is-provider-fala-host wp-block-embed-fala-host\"><div class=\"wp-block-embed__wrapper\">\n<blockquote class=\"wp-embedded-content\" data-secret=\"WjvwWdfuVs\"><a href=\"https:\/\/fala.host\/index.php\/2022\/03\/19\/se-o-luciano-hang-se-candidatar-ao-senador-voce-votaria-nele\/\">Se o Luciano Hang se candidatar ao Senador voc\u00ea votaria nele?<\/a><\/blockquote><iframe class=\"wp-embedded-content\" sandbox=\"allow-scripts\" security=\"restricted\" style=\"position: absolute; clip: rect(1px, 1px, 1px, 1px);\" title=\"&#8220;Se o Luciano Hang se candidatar ao Senador voc\u00ea votaria nele?&#8221; &#8212; Fala Host\" src=\"https:\/\/fala.host\/index.php\/2022\/03\/19\/se-o-luciano-hang-se-candidatar-ao-senador-voce-votaria-nele\/embed\/#?secret=o5C8fa4G8J#?secret=WjvwWdfuVs\" data-secret=\"WjvwWdfuVs\" width=\"600\" height=\"338\" frameborder=\"0\" marginwidth=\"0\" marginheight=\"0\" scrolling=\"no\"><\/iframe>\n<\/div><\/figure>\n\n\n\n<figure class=\"wp-block-embed is-type-wp-embed is-provider-fala-host wp-block-embed-fala-host\"><div class=\"wp-block-embed__wrapper\">\n<blockquote class=\"wp-embedded-content\" data-secret=\"DYdrCrrlMR\"><a href=\"https:\/\/fala.host\/index.php\/2022\/03\/18\/se-a-barbara-se-candidatar-ao-senado-voce-votaria-nela\/\">Se a B\u00e1rbara se candidatar ao Senado voc\u00ea votaria nela?<\/a><\/blockquote><iframe class=\"wp-embedded-content\" sandbox=\"allow-scripts\" security=\"restricted\" style=\"position: absolute; clip: rect(1px, 1px, 1px, 1px);\" title=\"&#8220;Se a B\u00e1rbara se candidatar ao Senado voc\u00ea votaria nela?&#8221; &#8212; Fala Host\" src=\"https:\/\/fala.host\/index.php\/2022\/03\/18\/se-a-barbara-se-candidatar-ao-senado-voce-votaria-nela\/embed\/#?secret=qrx4miG7lF#?secret=DYdrCrrlMR\" data-secret=\"DYdrCrrlMR\" width=\"600\" height=\"338\" frameborder=\"0\" marginwidth=\"0\" marginheight=\"0\" scrolling=\"no\"><\/iframe>\n<\/div><\/figure>\n\n\n\n<figure class=\"wp-block-embed is-type-wp-embed is-provider-fala-host wp-block-embed-fala-host\"><div class=\"wp-block-embed__wrapper\">\n<blockquote class=\"wp-embedded-content\" data-secret=\"1W0jBdS1E8\"><a href=\"https:\/\/fala.host\/index.php\/2021\/12\/28\/se-a-dra-raissa-soares-se-candidatar-ao-senado-voce-votaria-nela\/\">Se a Dra Raissa Soares se candidatar ao Senado voc\u00ea votaria nela?<\/a><\/blockquote><iframe class=\"wp-embedded-content\" sandbox=\"allow-scripts\" security=\"restricted\" style=\"position: absolute; clip: rect(1px, 1px, 1px, 1px);\" title=\"&#8220;Se a Dra Raissa Soares se candidatar ao Senado voc\u00ea votaria nela?&#8221; &#8212; Fala Host\" src=\"https:\/\/fala.host\/index.php\/2021\/12\/28\/se-a-dra-raissa-soares-se-candidatar-ao-senado-voce-votaria-nela\/embed\/#?secret=LNS9aiAddm#?secret=1W0jBdS1E8\" data-secret=\"1W0jBdS1E8\" width=\"600\" height=\"338\" frameborder=\"0\" marginwidth=\"0\" marginheight=\"0\" scrolling=\"no\"><\/iframe>\n<\/div><\/figure>\n\n\n\n<figure class=\"wp-block-embed is-type-wp-embed is-provider-fala-host wp-block-embed-fala-host\"><div class=\"wp-block-embed__wrapper\">\n<blockquote class=\"wp-embedded-content\" data-secret=\"pnl98ESsKa\"><a href=\"https:\/\/fala.host\/index.php\/2021\/12\/23\/se-a-dra-nise-yamaguchi-se-candidatar-ao-senado-voce-votaria-nela\/\">Se a Dra Nise Yamaguchi se candidatar ao Senado voc\u00ea votaria nela?<\/a><\/blockquote><iframe class=\"wp-embedded-content\" sandbox=\"allow-scripts\" security=\"restricted\" style=\"position: absolute; clip: rect(1px, 1px, 1px, 1px);\" title=\"&#8220;Se a Dra Nise Yamaguchi se candidatar ao Senado voc\u00ea votaria nela?&#8221; &#8212; Fala Host\" src=\"https:\/\/fala.host\/index.php\/2021\/12\/23\/se-a-dra-nise-yamaguchi-se-candidatar-ao-senado-voce-votaria-nela\/embed\/#?secret=YWkO3Ktgr2#?secret=pnl98ESsKa\" data-secret=\"pnl98ESsKa\" width=\"600\" height=\"338\" frameborder=\"0\" marginwidth=\"0\" marginheight=\"0\" scrolling=\"no\"><\/iframe>\n<\/div><\/figure>\n\n\n\n<figure class=\"wp-block-embed is-type-wp-embed is-provider-fala-host wp-block-embed-fala-host\"><div class=\"wp-block-embed__wrapper\">\n<blockquote class=\"wp-embedded-content\" data-secret=\"lrFr98pY5s\"><a href=\"https:\/\/fala.host\/index.php\/2021\/09\/12\/se-o-ministro-tarcisio-se-candidatar-ao-governo-de-sao-paulo-voce-vota-nele\/\">Se o Ministro Tarc\u00edsio se candidatar ao Governo de S\u00e3o Paulo voc\u00ea vota nele?<\/a><\/blockquote><iframe class=\"wp-embedded-content\" sandbox=\"allow-scripts\" security=\"restricted\" style=\"position: absolute; clip: rect(1px, 1px, 1px, 1px);\" title=\"&#8220;Se o Ministro Tarc\u00edsio se candidatar ao Governo de S\u00e3o Paulo voc\u00ea vota nele?&#8221; &#8212; Fala Host\" src=\"https:\/\/fala.host\/index.php\/2021\/09\/12\/se-o-ministro-tarcisio-se-candidatar-ao-governo-de-sao-paulo-voce-vota-nele\/embed\/#?secret=81UgRXSuEr#?secret=lrFr98pY5s\" data-secret=\"lrFr98pY5s\" width=\"600\" height=\"338\" frameborder=\"0\" marginwidth=\"0\" marginheight=\"0\" scrolling=\"no\"><\/iframe>\n<\/div><\/figure>\n","protected":false},"excerpt":{"rendered":"<p>\u00c9 um tema muito pesado, mas precisamos mostrar qual a vontade popular, pois todo poder&#8230;<\/p>\n","protected":false},"author":1,"featured_media":864,"comment_status":"open","ping_status":"open","sticky":false,"template":"","format":"standard","meta":{"om_disable_all_campaigns":false,"_monsterinsights_skip_tracking":false,"_monsterinsights_sitenote_active":false,"_monsterinsights_sitenote_note":"","_monsterinsights_sitenote_category":0,"footnotes":""},"categories":[107,61,63,57,1],"tags":[],"aioseo_notices":[],"_links":{"self":[{"href":"https:\/\/fala.host\/index.php\/wp-json\/wp\/v2\/posts\/863"}],"collection":[{"href":"https:\/\/fala.host\/index.php\/wp-json\/wp\/v2\/posts"}],"about":[{"href":"https:\/\/fala.host\/index.php\/wp-json\/wp\/v2\/types\/post"}],"author":[{"embeddable":true,"href":"https:\/\/fala.host\/index.php\/wp-json\/wp\/v2\/users\/1"}],"replies":[{"embeddable":true,"href":"https:\/\/fala.host\/index.php\/wp-json\/wp\/v2\/comments?post=863"}],"version-history":[{"count":2,"href":"https:\/\/fala.host\/index.php\/wp-json\/wp\/v2\/posts\/863\/revisions"}],"predecessor-version":[{"id":868,"href":"https:\/\/fala.host\/index.php\/wp-json\/wp\/v2\/posts\/863\/revisions\/868"}],"wp:featuredmedia":[{"embeddable":true,"href":"https:\/\/fala.host\/index.php\/wp-json\/wp\/v2\/media\/864"}],"wp:attachment":[{"href":"https:\/\/fala.host\/index.php\/wp-json\/wp\/v2\/media?parent=863"}],"wp:term":[{"taxonomy":"category","embeddable":true,"href":"https:\/\/fala.host\/index.php\/wp-json\/wp\/v2\/categories?post=863"},{"taxonomy":"post_tag","embeddable":true,"href":"https:\/\/fala.host\/index.php\/wp-json\/wp\/v2\/tags?post=863"}],"curies":[{"name":"wp","href":"https:\/\/api.w.org\/{rel}","templated":true}]}}