{"id":852,"date":"2022-03-30T21:43:11","date_gmt":"2022-03-31T00:43:11","guid":{"rendered":"https:\/\/fala.host\/?p=852"},"modified":"2022-03-30T21:45:26","modified_gmt":"2022-03-31T00:45:26","slug":"qual-a-sua-opiniao-sobre-o-caso-daniel-silveira","status":"publish","type":"post","link":"https:\/\/fala.host\/index.php\/2022\/03\/30\/qual-a-sua-opiniao-sobre-o-caso-daniel-silveira\/","title":{"rendered":"Qual a sua opini\u00e3o sobre o caso Daniel Silveira?"},"content":{"rendered":"\n<p class=\"has-text-align-center\">Fonte: <a href=\"https:\/\/www.camara.leg.br\/deputados\/204454\" target=\"_blank\" rel=\"noreferrer noopener\">https:\/\/www.camara.leg.br\/deputados\/204454<\/a><\/p>\n\n\n\n<p class=\"has-medium-font-size\">O atual <a href=\"https:\/\/www.camara.leg.br\/deputados\/204454\" target=\"_blank\" rel=\"noreferrer noopener\">Deputado Daniel Silveira<\/a>, eleito democraticamente pelo Rio de Janeiro, possuidor de imunidade parlamentar, foi preso pelo Ministro Alexandre de Moraes por um inqu\u00e9rito arraigado de irregularidades. Atualmente encontra-se proibido de dar entrevistas e de se locomover fora de sua resid\u00eancia e do Congresso Nacional. Muitos juristas afirmam que \u00e9 um absurdo um parlamentar n\u00e3o poder parlar, devido a um mandado judicial de um \u00fanico Ministro do Supremo Tribunal Federal, por um crime que n\u00e3o existe, dentro de um inqu\u00e9rito instaurado irregularmente. A Equipe do <strong><span class=\"has-inline-color has-vivid-cyan-blue-color\">FALA.HOST<\/span><\/strong> quer saber a sua opini\u00e3o sobre essa tumultuada situa\u00e7\u00e3o do Deputado Daniel Silveira.<\/p>\n\n\n\n<h2 class=\"wp-block-heading\" id=\"block-f34d69d8-3bb8-44a2-8a1a-dca5b6d3b4c4\">Segue abaixo a enquete<\/h2>\n\n\n\n\n\n\n\n<h2 class=\"wp-block-heading\" id=\"block-21820b27-f76f-430a-9529-d43ef57e132a\">Participe de nossos gruposnas redes sociais:<\/h2>\n\n\n\n<figure class=\"wp-block-embed is-type-wp-embed is-provider-fala-host wp-block-embed-fala-host\"><div class=\"wp-block-embed__wrapper\">\n<blockquote class=\"wp-embedded-content\" data-secret=\"HhBp72h4r6\"><a href=\"https:\/\/fala.host\/index.php\/grupos\/\">Grupos<\/a><\/blockquote><iframe class=\"wp-embedded-content\" sandbox=\"allow-scripts\" security=\"restricted\" style=\"position: absolute; clip: rect(1px, 1px, 1px, 1px);\" title=\"&#8220;Grupos&#8221; &#8212; Fala Host\" src=\"https:\/\/fala.host\/index.php\/grupos\/embed\/#?secret=jXNM2GwSC8#?secret=HhBp72h4r6\" data-secret=\"HhBp72h4r6\" width=\"600\" height=\"338\" frameborder=\"0\" marginwidth=\"0\" marginheight=\"0\" scrolling=\"no\"><\/iframe>\n<\/div><\/figure>\n\n\n\n<h2 class=\"wp-block-heading\" id=\"block-34e63179-66eb-4f12-be83-d8a91651a790\">Aproveite e vote nessas enquetes tamb\u00e9m:<\/h2>\n\n\n\n<figure class=\"wp-block-embed is-type-wp-embed is-provider-fala-host wp-block-embed-fala-host\"><div class=\"wp-block-embed__wrapper\">\n<blockquote class=\"wp-embedded-content\" data-secret=\"gOWuKocWli\"><a href=\"https:\/\/fala.host\/index.php\/2021\/07\/25\/em-quem-voce-votaria-nas-eleicoes-de-2022\/\">Em quem voc\u00ea votaria nas elei\u00e7\u00f5es de 2022?<\/a><\/blockquote><iframe class=\"wp-embedded-content\" sandbox=\"allow-scripts\" security=\"restricted\" style=\"position: absolute; clip: rect(1px, 1px, 1px, 1px);\" title=\"&#8220;Em quem voc\u00ea votaria nas elei\u00e7\u00f5es de 2022?&#8221; &#8212; Fala Host\" src=\"https:\/\/fala.host\/index.php\/2021\/07\/25\/em-quem-voce-votaria-nas-eleicoes-de-2022\/embed\/#?secret=WjFE2xV3Oe#?secret=gOWuKocWli\" data-secret=\"gOWuKocWli\" width=\"600\" height=\"338\" frameborder=\"0\" marginwidth=\"0\" marginheight=\"0\" scrolling=\"no\"><\/iframe>\n<\/div><\/figure>\n\n\n\n<figure class=\"wp-block-embed is-type-wp-embed is-provider-fala-host wp-block-embed-fala-host\"><div class=\"wp-block-embed__wrapper\">\n<blockquote class=\"wp-embedded-content\" data-secret=\"d7dIhf4D3l\"><a href=\"https:\/\/fala.host\/index.php\/2022\/03\/22\/se-a-atual-deputada-carla-zambelli-se-recandidatar-voce-votaria-nela\/\">Se a atual Deputada Carla Zambelli se recandidatar voc\u00ea votaria nela?<\/a><\/blockquote><iframe class=\"wp-embedded-content\" sandbox=\"allow-scripts\" security=\"restricted\" style=\"position: absolute; clip: rect(1px, 1px, 1px, 1px);\" title=\"&#8220;Se a atual Deputada Carla Zambelli se recandidatar voc\u00ea votaria nela?&#8221; &#8212; Fala Host\" src=\"https:\/\/fala.host\/index.php\/2022\/03\/22\/se-a-atual-deputada-carla-zambelli-se-recandidatar-voce-votaria-nela\/embed\/#?secret=NaFXlX4O1t#?secret=d7dIhf4D3l\" data-secret=\"d7dIhf4D3l\" width=\"600\" height=\"338\" frameborder=\"0\" marginwidth=\"0\" marginheight=\"0\" scrolling=\"no\"><\/iframe>\n<\/div><\/figure>\n\n\n\n<figure class=\"wp-block-embed is-type-wp-embed is-provider-fala-host wp-block-embed-fala-host\"><div class=\"wp-block-embed__wrapper\">\n<blockquote class=\"wp-embedded-content\" data-secret=\"f1GxWIY04u\"><a href=\"https:\/\/fala.host\/index.php\/2022\/03\/19\/se-o-luciano-hang-se-candidatar-ao-senador-voce-votaria-nele\/\">Se o Luciano Hang se candidatar ao Senador voc\u00ea votaria nele?<\/a><\/blockquote><iframe class=\"wp-embedded-content\" sandbox=\"allow-scripts\" security=\"restricted\" style=\"position: absolute; clip: rect(1px, 1px, 1px, 1px);\" title=\"&#8220;Se o Luciano Hang se candidatar ao Senador voc\u00ea votaria nele?&#8221; &#8212; Fala Host\" src=\"https:\/\/fala.host\/index.php\/2022\/03\/19\/se-o-luciano-hang-se-candidatar-ao-senador-voce-votaria-nele\/embed\/#?secret=r2bQvL0O3i#?secret=f1GxWIY04u\" data-secret=\"f1GxWIY04u\" width=\"600\" height=\"338\" frameborder=\"0\" marginwidth=\"0\" marginheight=\"0\" scrolling=\"no\"><\/iframe>\n<\/div><\/figure>\n\n\n\n<figure class=\"wp-block-embed is-type-wp-embed is-provider-fala-host wp-block-embed-fala-host\"><div class=\"wp-block-embed__wrapper\">\n<blockquote class=\"wp-embedded-content\" data-secret=\"iee65CwbQs\"><a href=\"https:\/\/fala.host\/index.php\/2022\/03\/18\/se-a-barbara-se-candidatar-ao-senado-voce-votaria-nela\/\">Se a B\u00e1rbara se candidatar ao Senado voc\u00ea votaria nela?<\/a><\/blockquote><iframe class=\"wp-embedded-content\" sandbox=\"allow-scripts\" security=\"restricted\" style=\"position: absolute; clip: rect(1px, 1px, 1px, 1px);\" title=\"&#8220;Se a B\u00e1rbara se candidatar ao Senado voc\u00ea votaria nela?&#8221; &#8212; Fala Host\" src=\"https:\/\/fala.host\/index.php\/2022\/03\/18\/se-a-barbara-se-candidatar-ao-senado-voce-votaria-nela\/embed\/#?secret=fxr165g9pY#?secret=iee65CwbQs\" data-secret=\"iee65CwbQs\" width=\"600\" height=\"338\" frameborder=\"0\" marginwidth=\"0\" marginheight=\"0\" scrolling=\"no\"><\/iframe>\n<\/div><\/figure>\n\n\n\n<figure class=\"wp-block-embed is-type-wp-embed is-provider-fala-host wp-block-embed-fala-host\"><div class=\"wp-block-embed__wrapper\">\n<blockquote class=\"wp-embedded-content\" data-secret=\"rhHht9s0ZV\"><a href=\"https:\/\/fala.host\/index.php\/2021\/12\/28\/se-a-dra-raissa-soares-se-candidatar-ao-senado-voce-votaria-nela\/\">Se a Dra Raissa Soares se candidatar ao Senado voc\u00ea votaria nela?<\/a><\/blockquote><iframe class=\"wp-embedded-content\" sandbox=\"allow-scripts\" security=\"restricted\" style=\"position: absolute; clip: rect(1px, 1px, 1px, 1px);\" title=\"&#8220;Se a Dra Raissa Soares se candidatar ao Senado voc\u00ea votaria nela?&#8221; &#8212; Fala Host\" src=\"https:\/\/fala.host\/index.php\/2021\/12\/28\/se-a-dra-raissa-soares-se-candidatar-ao-senado-voce-votaria-nela\/embed\/#?secret=0Jg5MxM2GC#?secret=rhHht9s0ZV\" data-secret=\"rhHht9s0ZV\" width=\"600\" height=\"338\" frameborder=\"0\" marginwidth=\"0\" marginheight=\"0\" scrolling=\"no\"><\/iframe>\n<\/div><\/figure>\n\n\n\n<figure class=\"wp-block-embed is-type-wp-embed is-provider-fala-host wp-block-embed-fala-host\"><div class=\"wp-block-embed__wrapper\">\n<blockquote class=\"wp-embedded-content\" data-secret=\"zxkMJQ4ovg\"><a href=\"https:\/\/fala.host\/index.php\/2021\/12\/23\/se-a-dra-nise-yamaguchi-se-candidatar-ao-senado-voce-votaria-nela\/\">Se a Dra Nise Yamaguchi se candidatar ao Senado voc\u00ea votaria nela?<\/a><\/blockquote><iframe class=\"wp-embedded-content\" sandbox=\"allow-scripts\" security=\"restricted\" style=\"position: absolute; clip: rect(1px, 1px, 1px, 1px);\" title=\"&#8220;Se a Dra Nise Yamaguchi se candidatar ao Senado voc\u00ea votaria nela?&#8221; &#8212; Fala Host\" src=\"https:\/\/fala.host\/index.php\/2021\/12\/23\/se-a-dra-nise-yamaguchi-se-candidatar-ao-senado-voce-votaria-nela\/embed\/#?secret=Rw4XTaCcbu#?secret=zxkMJQ4ovg\" data-secret=\"zxkMJQ4ovg\" width=\"600\" height=\"338\" frameborder=\"0\" marginwidth=\"0\" marginheight=\"0\" scrolling=\"no\"><\/iframe>\n<\/div><\/figure>\n\n\n\n<figure class=\"wp-block-embed is-type-wp-embed is-provider-fala-host wp-block-embed-fala-host\"><div class=\"wp-block-embed__wrapper\">\n<blockquote class=\"wp-embedded-content\" data-secret=\"XR2PBbwW9h\"><a href=\"https:\/\/fala.host\/index.php\/2021\/09\/12\/se-o-ministro-tarcisio-se-candidatar-ao-governo-de-sao-paulo-voce-vota-nele\/\">Se o Ministro Tarc\u00edsio se candidatar ao Governo de S\u00e3o Paulo voc\u00ea vota nele?<\/a><\/blockquote><iframe class=\"wp-embedded-content\" sandbox=\"allow-scripts\" security=\"restricted\" style=\"position: absolute; clip: rect(1px, 1px, 1px, 1px);\" title=\"&#8220;Se o Ministro Tarc\u00edsio se candidatar ao Governo de S\u00e3o Paulo voc\u00ea vota nele?&#8221; &#8212; Fala Host\" src=\"https:\/\/fala.host\/index.php\/2021\/09\/12\/se-o-ministro-tarcisio-se-candidatar-ao-governo-de-sao-paulo-voce-vota-nele\/embed\/#?secret=Rpx2ec8ZUb#?secret=XR2PBbwW9h\" data-secret=\"XR2PBbwW9h\" width=\"600\" height=\"338\" frameborder=\"0\" marginwidth=\"0\" marginheight=\"0\" scrolling=\"no\"><\/iframe>\n<\/div><\/figure>\n\n\n\n<p>  <\/p>\n","protected":false},"excerpt":{"rendered":"<p>Fonte: https:\/\/www.camara.leg.br\/deputados\/204454 O atual Deputado Daniel Silveira, eleito democraticamente pelo Rio de Janeiro, possuidor de&#8230;<\/p>\n","protected":false},"author":1,"featured_media":854,"comment_status":"open","ping_status":"open","sticky":false,"template":"","format":"standard","meta":{"om_disable_all_campaigns":false,"_monsterinsights_skip_tracking":false,"_monsterinsights_sitenote_active":false,"_monsterinsights_sitenote_note":"","_monsterinsights_sitenote_category":0,"footnotes":""},"categories":[35,62,104,18,37,61,63,59,54,57,14,1],"tags":[],"aioseo_notices":[],"_links":{"self":[{"href":"https:\/\/fala.host\/index.php\/wp-json\/wp\/v2\/posts\/852"}],"collection":[{"href":"https:\/\/fala.host\/index.php\/wp-json\/wp\/v2\/posts"}],"about":[{"href":"https:\/\/fala.host\/index.php\/wp-json\/wp\/v2\/types\/post"}],"author":[{"embeddable":true,"href":"https:\/\/fala.host\/index.php\/wp-json\/wp\/v2\/users\/1"}],"replies":[{"embeddable":true,"href":"https:\/\/fala.host\/index.php\/wp-json\/wp\/v2\/comments?post=852"}],"version-history":[{"count":3,"href":"https:\/\/fala.host\/index.php\/wp-json\/wp\/v2\/posts\/852\/revisions"}],"predecessor-version":[{"id":859,"href":"https:\/\/fala.host\/index.php\/wp-json\/wp\/v2\/posts\/852\/revisions\/859"}],"wp:featuredmedia":[{"embeddable":true,"href":"https:\/\/fala.host\/index.php\/wp-json\/wp\/v2\/media\/854"}],"wp:attachment":[{"href":"https:\/\/fala.host\/index.php\/wp-json\/wp\/v2\/media?parent=852"}],"wp:term":[{"taxonomy":"category","embeddable":true,"href":"https:\/\/fala.host\/index.php\/wp-json\/wp\/v2\/categories?post=852"},{"taxonomy":"post_tag","embeddable":true,"href":"https:\/\/fala.host\/index.php\/wp-json\/wp\/v2\/tags?post=852"}],"curies":[{"name":"wp","href":"https:\/\/api.w.org\/{rel}","templated":true}]}}