{"id":841,"date":"2022-03-27T10:07:24","date_gmt":"2022-03-27T13:07:24","guid":{"rendered":"https:\/\/fala.host\/?p=841"},"modified":"2022-03-27T10:07:25","modified_gmt":"2022-03-27T13:07:25","slug":"voce-acredita-nas-pesquisas-eleitorais-realizadas-por-institutos-de-pesquisas","status":"publish","type":"post","link":"https:\/\/fala.host\/index.php\/2022\/03\/27\/voce-acredita-nas-pesquisas-eleitorais-realizadas-por-institutos-de-pesquisas\/","title":{"rendered":"Voc\u00ea acredita nas pesquisas eleitorais realizadas por institutos de pesquisas?"},"content":{"rendered":"\n<p class=\"has-medium-font-size\">Muitas pessoas est\u00e3o reclamando que as pesquisas eleitorais est\u00e3o colocando como preferido uma pessoa que sequer consegue sair nas ruas sem ser xingado, mas rebaixa o Presidente Jair Bolsonaro que tem viajado o Brasil, sendo recebido e ovacionado por multid\u00f5es. Ademais qualquer pesquisa realizada na internet resulta em uma aprova\u00e7\u00e3o recorde do atual Presidente. Ent\u00e3o, diante desta atual discrep\u00e2ncia de informa\u00e7\u00f5es, a Equipe do <strong>FALA.HOST<\/strong> quer saber a sua opini\u00e3o.<\/p>\n\n\n\n<h2 class=\"wp-block-heading\" id=\"block-f34d69d8-3bb8-44a2-8a1a-dca5b6d3b4c4\">Segue abaixo a enquete<\/h2>\n\n\n\n\n\n\n\n<h2 class=\"wp-block-heading\" id=\"block-21820b27-f76f-430a-9529-d43ef57e132a\">Participe de nossos gruposnas redes sociais:<\/h2>\n\n\n\n<figure class=\"wp-block-embed is-type-wp-embed is-provider-fala-host wp-block-embed-fala-host\"><div class=\"wp-block-embed__wrapper\">\n<blockquote class=\"wp-embedded-content\" data-secret=\"rtuuW7cL0r\"><a href=\"https:\/\/fala.host\/index.php\/grupos\/\">Grupos<\/a><\/blockquote><iframe class=\"wp-embedded-content\" sandbox=\"allow-scripts\" security=\"restricted\" style=\"position: absolute; clip: rect(1px, 1px, 1px, 1px);\" title=\"&#8220;Grupos&#8221; &#8212; Fala Host\" src=\"https:\/\/fala.host\/index.php\/grupos\/embed\/#?secret=MhHd0BCmll#?secret=rtuuW7cL0r\" data-secret=\"rtuuW7cL0r\" width=\"600\" height=\"338\" frameborder=\"0\" marginwidth=\"0\" marginheight=\"0\" scrolling=\"no\"><\/iframe>\n<\/div><\/figure>\n\n\n\n<h2 class=\"wp-block-heading\" id=\"block-34e63179-66eb-4f12-be83-d8a91651a790\">Aproveite e vote nessas enquetes tamb\u00e9m:<\/h2>\n\n\n\n<figure class=\"wp-block-embed is-type-wp-embed is-provider-fala-host wp-block-embed-fala-host\"><div class=\"wp-block-embed__wrapper\">\n<blockquote class=\"wp-embedded-content\" data-secret=\"ndfHVhwPOS\"><a href=\"https:\/\/fala.host\/index.php\/2021\/07\/25\/em-quem-voce-votaria-nas-eleicoes-de-2022\/\">Em quem voc\u00ea votaria nas elei\u00e7\u00f5es de 2022?<\/a><\/blockquote><iframe class=\"wp-embedded-content\" sandbox=\"allow-scripts\" security=\"restricted\" style=\"position: absolute; clip: rect(1px, 1px, 1px, 1px);\" title=\"&#8220;Em quem voc\u00ea votaria nas elei\u00e7\u00f5es de 2022?&#8221; &#8212; Fala Host\" src=\"https:\/\/fala.host\/index.php\/2021\/07\/25\/em-quem-voce-votaria-nas-eleicoes-de-2022\/embed\/#?secret=S1UI2Jd8p5#?secret=ndfHVhwPOS\" data-secret=\"ndfHVhwPOS\" width=\"600\" height=\"338\" frameborder=\"0\" marginwidth=\"0\" marginheight=\"0\" scrolling=\"no\"><\/iframe>\n<\/div><\/figure>\n\n\n\n<figure class=\"wp-block-embed is-type-wp-embed is-provider-fala-host wp-block-embed-fala-host\"><div class=\"wp-block-embed__wrapper\">\n<blockquote class=\"wp-embedded-content\" data-secret=\"IazZHynsGH\"><a href=\"https:\/\/fala.host\/index.php\/2022\/03\/22\/se-a-atual-deputada-carla-zambelli-se-recandidatar-voce-votaria-nela\/\">Se a atual Deputada Carla Zambelli se recandidatar voc\u00ea votaria nela?<\/a><\/blockquote><iframe class=\"wp-embedded-content\" sandbox=\"allow-scripts\" security=\"restricted\" style=\"position: absolute; clip: rect(1px, 1px, 1px, 1px);\" title=\"&#8220;Se a atual Deputada Carla Zambelli se recandidatar voc\u00ea votaria nela?&#8221; &#8212; Fala Host\" src=\"https:\/\/fala.host\/index.php\/2022\/03\/22\/se-a-atual-deputada-carla-zambelli-se-recandidatar-voce-votaria-nela\/embed\/#?secret=Rsjcfn8vem#?secret=IazZHynsGH\" data-secret=\"IazZHynsGH\" width=\"600\" height=\"338\" frameborder=\"0\" marginwidth=\"0\" marginheight=\"0\" scrolling=\"no\"><\/iframe>\n<\/div><\/figure>\n\n\n\n<figure class=\"wp-block-embed is-type-wp-embed is-provider-fala-host wp-block-embed-fala-host\"><div class=\"wp-block-embed__wrapper\">\n<blockquote class=\"wp-embedded-content\" data-secret=\"zUlKE9DRHq\"><a href=\"https:\/\/fala.host\/index.php\/2022\/03\/19\/se-o-luciano-hang-se-candidatar-ao-senador-voce-votaria-nele\/\">Se o Luciano Hang se candidatar ao Senador voc\u00ea votaria nele?<\/a><\/blockquote><iframe class=\"wp-embedded-content\" sandbox=\"allow-scripts\" security=\"restricted\" style=\"position: absolute; clip: rect(1px, 1px, 1px, 1px);\" title=\"&#8220;Se o Luciano Hang se candidatar ao Senador voc\u00ea votaria nele?&#8221; &#8212; Fala Host\" src=\"https:\/\/fala.host\/index.php\/2022\/03\/19\/se-o-luciano-hang-se-candidatar-ao-senador-voce-votaria-nele\/embed\/#?secret=gkAGVb4gQE#?secret=zUlKE9DRHq\" data-secret=\"zUlKE9DRHq\" width=\"600\" height=\"338\" frameborder=\"0\" marginwidth=\"0\" marginheight=\"0\" scrolling=\"no\"><\/iframe>\n<\/div><\/figure>\n\n\n\n<figure class=\"wp-block-embed is-type-wp-embed is-provider-fala-host wp-block-embed-fala-host\"><div class=\"wp-block-embed__wrapper\">\n<blockquote class=\"wp-embedded-content\" data-secret=\"qxTBPfH7ur\"><a href=\"https:\/\/fala.host\/index.php\/2022\/03\/18\/se-a-barbara-se-candidatar-ao-senado-voce-votaria-nela\/\">Se a B\u00e1rbara se candidatar ao Senado voc\u00ea votaria nela?<\/a><\/blockquote><iframe class=\"wp-embedded-content\" sandbox=\"allow-scripts\" security=\"restricted\" style=\"position: absolute; clip: rect(1px, 1px, 1px, 1px);\" title=\"&#8220;Se a B\u00e1rbara se candidatar ao Senado voc\u00ea votaria nela?&#8221; &#8212; Fala Host\" src=\"https:\/\/fala.host\/index.php\/2022\/03\/18\/se-a-barbara-se-candidatar-ao-senado-voce-votaria-nela\/embed\/#?secret=IbPltqFMzt#?secret=qxTBPfH7ur\" data-secret=\"qxTBPfH7ur\" width=\"600\" height=\"338\" frameborder=\"0\" marginwidth=\"0\" marginheight=\"0\" scrolling=\"no\"><\/iframe>\n<\/div><\/figure>\n","protected":false},"excerpt":{"rendered":"<p>Muitas pessoas est\u00e3o reclamando que as pesquisas eleitorais est\u00e3o colocando como preferido uma pessoa que&#8230;<\/p>\n","protected":false},"author":1,"featured_media":842,"comment_status":"open","ping_status":"open","sticky":false,"template":"","format":"standard","meta":{"om_disable_all_campaigns":false,"_monsterinsights_skip_tracking":false,"_monsterinsights_sitenote_active":false,"_monsterinsights_sitenote_note":"","_monsterinsights_sitenote_category":0,"footnotes":""},"categories":[18,10,72,101,59,102,1,21],"tags":[],"aioseo_notices":[],"_links":{"self":[{"href":"https:\/\/fala.host\/index.php\/wp-json\/wp\/v2\/posts\/841"}],"collection":[{"href":"https:\/\/fala.host\/index.php\/wp-json\/wp\/v2\/posts"}],"about":[{"href":"https:\/\/fala.host\/index.php\/wp-json\/wp\/v2\/types\/post"}],"author":[{"embeddable":true,"href":"https:\/\/fala.host\/index.php\/wp-json\/wp\/v2\/users\/1"}],"replies":[{"embeddable":true,"href":"https:\/\/fala.host\/index.php\/wp-json\/wp\/v2\/comments?post=841"}],"version-history":[{"count":2,"href":"https:\/\/fala.host\/index.php\/wp-json\/wp\/v2\/posts\/841\/revisions"}],"predecessor-version":[{"id":847,"href":"https:\/\/fala.host\/index.php\/wp-json\/wp\/v2\/posts\/841\/revisions\/847"}],"wp:featuredmedia":[{"embeddable":true,"href":"https:\/\/fala.host\/index.php\/wp-json\/wp\/v2\/media\/842"}],"wp:attachment":[{"href":"https:\/\/fala.host\/index.php\/wp-json\/wp\/v2\/media?parent=841"}],"wp:term":[{"taxonomy":"category","embeddable":true,"href":"https:\/\/fala.host\/index.php\/wp-json\/wp\/v2\/categories?post=841"},{"taxonomy":"post_tag","embeddable":true,"href":"https:\/\/fala.host\/index.php\/wp-json\/wp\/v2\/tags?post=841"}],"curies":[{"name":"wp","href":"https:\/\/api.w.org\/{rel}","templated":true}]}}