{"id":814,"date":"2022-03-20T19:00:56","date_gmt":"2022-03-20T22:00:56","guid":{"rendered":"https:\/\/fala.host\/?p=814"},"modified":"2022-03-20T20:18:31","modified_gmt":"2022-03-20T23:18:31","slug":"midia-em-que-voce-pode-confiar-qual-delas-e-a-melhor","status":"publish","type":"post","link":"https:\/\/fala.host\/index.php\/2022\/03\/20\/midia-em-que-voce-pode-confiar-qual-delas-e-a-melhor\/","title":{"rendered":"M\u00eddia em que voc\u00ea pode confiar. Qual delas \u00e9 a melhor?"},"content":{"rendered":"\n<h2 class=\"wp-block-heading\">A velha m\u00eddia j\u00e1 n\u00e3o \u00e9 mais a mesma<\/h2>\n\n\n\n<p class=\"has-medium-font-size\">Como \u00e9 de conhecimento geral, a velha e decr\u00e9pita m\u00eddia vem decepcionando muito seus leitores, trazendo muita not\u00edcia fantasiosa, tendenciosa e at\u00e9 mentirosa. Muitas not\u00edcias s\u00e3o fabricadas, adulteradas e floreadas para induzir o leitor a uma interpreta\u00e7\u00e3o err\u00f4nea, provocando assassinato de reputa\u00e7\u00f5es de seus perseguidos. <\/p>\n\n\n\n<h2 class=\"wp-block-heading\">A popula\u00e7\u00e3o j\u00e1 entendeu a jogada<\/h2>\n\n\n\n<p class=\"has-medium-font-size\">A popula\u00e7\u00e3o j\u00e1 entendeu esse esquema da velha e podre m\u00eddia, portanto j\u00e1 est\u00e3o consultando m\u00eddias alternativas para conferir a verdade dos fatos. Hoje o leitor j\u00e1 n\u00e3o se satisfaz com a informa\u00e7\u00e3o de uma \u00fanica m\u00eddia, ele sempre busca em outros meios de comunica\u00e7\u00e3o para confirmar e confrontar os fatos.<\/p>\n\n\n\n<h2 class=\"wp-block-heading\">Ent\u00e3o quais s\u00e3o as confi\u00e1veis?<\/h2>\n\n\n\n<p class=\"has-medium-font-size\">Nesse contexto perguntamos: <strong>quais m\u00eddias s\u00e3o confi\u00e1veis e quais n\u00e3o s\u00e3o confi\u00e1veis? <\/strong>Infelizmente, em uma era de muita desinforma\u00e7\u00e3o, a resposta n\u00e3o \u00e9 t\u00e3o simples. Por\u00e9m \u00e9 poss\u00edvel acompanhar alguns jornais, revistas, blogues, portais, canais e, quantificar a qualidade de sua informa\u00e7\u00e3o conferindo sempre a veracidade dos fatos. Se a m\u00eddia somar uma quantidade consider\u00e1vel de verdades e deter corre\u00e7\u00f5es das not\u00edcias err\u00f4neas, essa m\u00eddia pode ser considerada confi\u00e1vel.<\/p>\n\n\n\n<h2 class=\"wp-block-heading\">Enquete: M\u00eddias confi\u00e1veis. Vote na melhor dentre elas.<\/h2>\n\n\n\n<p class=\"has-medium-font-size\">A <strong><span class=\"has-inline-color has-vivid-red-color\">Equipe do FALA.HOST <\/span><\/strong>vem acompanhando algumas dessas m\u00eddias e vem elencando as que s\u00e3o realmente confi\u00e1veis at\u00e9 o momento. <strong><span class=\"has-inline-color has-vivid-purple-color\">Nessa enquete encontram-se as m\u00eddias que nossa Equipe realmente confia, caso voc\u00ea conhe\u00e7a outras que n\u00e3o est\u00e3o nesse rol, <a href=\"https:\/\/fala.host\/index.php\/contato\/\" target=\"_blank\" rel=\"noreferrer noopener\">entre em contato conosco clicando aqui<\/a> ou deixe um coment\u00e1rio no final da p\u00e1gina que, ap\u00f3s an\u00e1lise, adicionamos na enquete.<\/span><\/strong> <\/p>\n\n\n\n<p class=\"has-medium-font-size\"><strong><span class=\"has-inline-color has-vivid-red-color\">Vote quantas vezes quiser.<\/span><\/strong><\/p>\n\n\n\n<p><strong>OBS: Essa lista pode mudar, se alguma m\u00eddia abaixo sair fora da linha, poder-se-\u00e3o ser removidas da enquete. Se alguma m\u00eddia for sugerida, poder-se-\u00e1 ser acrescentada. Trata-se de uma enquete saud\u00e1vel para escolhermos das melhores as mais tops no seu conceito. Nessa enquete somente aparecer\u00e3o empresas e marcas, em outra enquete trataremos de pessoas f\u00edsicas como comentaristas, jornalistas, blogueiros, vlogueiros, etc.<\/strong><\/p>\n\n\n\n\n\n\n<h2 class=\"wp-block-heading\">Talvez voc\u00ea queira votar nas enquetes abaixo tamb\u00e9m<\/h2>\n\n\n\n<figure class=\"wp-block-embed is-type-wp-embed is-provider-fala-host wp-block-embed-fala-host\"><div class=\"wp-block-embed__wrapper\">\n<blockquote class=\"wp-embedded-content\" data-secret=\"65DQ1kgiRa\"><a href=\"https:\/\/fala.host\/index.php\/2021\/09\/11\/na-sua-opiniao-qual-a-pior-emissora-de-tv\/\">Na sua opini\u00e3o qual a pior emissora de TV?<\/a><\/blockquote><iframe class=\"wp-embedded-content\" sandbox=\"allow-scripts\" security=\"restricted\" style=\"position: absolute; clip: rect(1px, 1px, 1px, 1px);\" title=\"&#8220;Na sua opini\u00e3o qual a pior emissora de TV?&#8221; &#8212; Fala Host\" src=\"https:\/\/fala.host\/index.php\/2021\/09\/11\/na-sua-opiniao-qual-a-pior-emissora-de-tv\/embed\/#?secret=X1d8TUtm5s#?secret=65DQ1kgiRa\" data-secret=\"65DQ1kgiRa\" width=\"600\" height=\"338\" frameborder=\"0\" marginwidth=\"0\" marginheight=\"0\" scrolling=\"no\"><\/iframe>\n<\/div><\/figure>\n\n\n\n<figure class=\"wp-block-embed is-type-wp-embed is-provider-fala-host wp-block-embed-fala-host\"><div class=\"wp-block-embed__wrapper\">\n<blockquote class=\"wp-embedded-content\" data-secret=\"wOzp4uj4jX\"><a href=\"https:\/\/fala.host\/index.php\/2021\/10\/23\/qual-a-sua-opiniao-sobre-a-prisao-dos-jornalistas-brasileiros\/\">Qual a sua opini\u00e3o sobre a pris\u00e3o dos Jornalistas brasileiros?<\/a><\/blockquote><iframe class=\"wp-embedded-content\" sandbox=\"allow-scripts\" security=\"restricted\" style=\"position: absolute; clip: rect(1px, 1px, 1px, 1px);\" title=\"&#8220;Qual a sua opini\u00e3o sobre a pris\u00e3o dos Jornalistas brasileiros?&#8221; &#8212; Fala Host\" src=\"https:\/\/fala.host\/index.php\/2021\/10\/23\/qual-a-sua-opiniao-sobre-a-prisao-dos-jornalistas-brasileiros\/embed\/#?secret=2mo9b86obh#?secret=wOzp4uj4jX\" data-secret=\"wOzp4uj4jX\" width=\"600\" height=\"338\" frameborder=\"0\" marginwidth=\"0\" marginheight=\"0\" scrolling=\"no\"><\/iframe>\n<\/div><\/figure>\n\n\n\n<figure class=\"wp-block-embed is-type-wp-embed is-provider-fala-host wp-block-embed-fala-host\"><div class=\"wp-block-embed__wrapper\">\n<blockquote class=\"wp-embedded-content\" data-secret=\"SycR8PUkCc\"><a href=\"https:\/\/fala.host\/index.php\/2022\/03\/05\/qual-a-sua-opiniao-sobre-a-fala-do-dep-arthur-do-val-do-mamae-falei-sao-faceis-porque-sao-pobres\/\">Qual a sua opini\u00e3o sobre a fala do Dep. Arthur Do Val do mam\u00e3e falei: S\u00e3o f\u00e1ceis porque s\u00e3o pobres?<\/a><\/blockquote><iframe class=\"wp-embedded-content\" sandbox=\"allow-scripts\" security=\"restricted\" style=\"position: absolute; clip: rect(1px, 1px, 1px, 1px);\" title=\"&#8220;Qual a sua opini\u00e3o sobre a fala do Dep. Arthur Do Val do mam\u00e3e falei: S\u00e3o f\u00e1ceis porque s\u00e3o pobres?&#8221; &#8212; Fala Host\" src=\"https:\/\/fala.host\/index.php\/2022\/03\/05\/qual-a-sua-opiniao-sobre-a-fala-do-dep-arthur-do-val-do-mamae-falei-sao-faceis-porque-sao-pobres\/embed\/#?secret=YQVN3kCJKD#?secret=SycR8PUkCc\" data-secret=\"SycR8PUkCc\" width=\"600\" height=\"338\" frameborder=\"0\" marginwidth=\"0\" marginheight=\"0\" scrolling=\"no\"><\/iframe>\n<\/div><\/figure>\n","protected":false},"excerpt":{"rendered":"<p>A velha m\u00eddia j\u00e1 n\u00e3o \u00e9 mais a mesma Como \u00e9 de conhecimento geral, a&#8230;<\/p>\n","protected":false},"author":1,"featured_media":817,"comment_status":"open","ping_status":"open","sticky":false,"template":"","format":"standard","meta":{"om_disable_all_campaigns":false,"_monsterinsights_skip_tracking":false,"_monsterinsights_sitenote_active":false,"_monsterinsights_sitenote_note":"","_monsterinsights_sitenote_category":0,"footnotes":""},"categories":[93,98,62,97,18,20,88,68,96,53,61,19,95,63,59,57,94,1],"tags":[],"aioseo_notices":[],"_links":{"self":[{"href":"https:\/\/fala.host\/index.php\/wp-json\/wp\/v2\/posts\/814"}],"collection":[{"href":"https:\/\/fala.host\/index.php\/wp-json\/wp\/v2\/posts"}],"about":[{"href":"https:\/\/fala.host\/index.php\/wp-json\/wp\/v2\/types\/post"}],"author":[{"embeddable":true,"href":"https:\/\/fala.host\/index.php\/wp-json\/wp\/v2\/users\/1"}],"replies":[{"embeddable":true,"href":"https:\/\/fala.host\/index.php\/wp-json\/wp\/v2\/comments?post=814"}],"version-history":[{"count":10,"href":"https:\/\/fala.host\/index.php\/wp-json\/wp\/v2\/posts\/814\/revisions"}],"predecessor-version":[{"id":1905,"href":"https:\/\/fala.host\/index.php\/wp-json\/wp\/v2\/posts\/814\/revisions\/1905"}],"wp:featuredmedia":[{"embeddable":true,"href":"https:\/\/fala.host\/index.php\/wp-json\/wp\/v2\/media\/817"}],"wp:attachment":[{"href":"https:\/\/fala.host\/index.php\/wp-json\/wp\/v2\/media?parent=814"}],"wp:term":[{"taxonomy":"category","embeddable":true,"href":"https:\/\/fala.host\/index.php\/wp-json\/wp\/v2\/categories?post=814"},{"taxonomy":"post_tag","embeddable":true,"href":"https:\/\/fala.host\/index.php\/wp-json\/wp\/v2\/tags?post=814"}],"curies":[{"name":"wp","href":"https:\/\/api.w.org\/{rel}","templated":true}]}}