{"id":660,"date":"2021-12-16T17:59:26","date_gmt":"2021-12-16T20:59:26","guid":{"rendered":"https:\/\/fala.host\/?p=660"},"modified":"2023-02-01T11:02:56","modified_gmt":"2023-02-01T14:02:56","slug":"voce-concorda-com-a-vacinacao-de-criancas-contra-covid19","status":"publish","type":"post","link":"https:\/\/fala.host\/index.php\/2021\/12\/16\/voce-concorda-com-a-vacinacao-de-criancas-contra-covid19\/","title":{"rendered":"Voc\u00ea concorda com a vacina\u00e7\u00e3o de crian\u00e7as contra COVID19?"},"content":{"rendered":"\n<p class=\"has-medium-font-size\">O Jornal <a href=\"https:\/\/www.gazetadopovo.com.br\/\" target=\"_blank\" rel=\"noreferrer noopener\">Gazeta do Povo<\/a> informou que a <strong>ANVISA <\/strong>recebeu um pedido da empresa Pfizer para autoriza\u00e7\u00e3o\/libera\u00e7\u00e3o da vacina para aplica\u00e7\u00e3o em crian\u00e7as de 5 a 11 anos. Qual sua opini\u00e3o sobre esse tema?<\/p>\n\n\n\n<p>Veja a mat\u00e9ria da Gazeta do Povo:<\/p>\n\n\n\n<p><a href=\"https:\/\/www.gazetadopovo.com.br\/republica\/breves\/anvisa-recebe-dados-da-pfizer-sobre-vacinacao-de-criancas-entre-5-e-11-anos-contra-a-covid\/\">https:\/\/www.gazetadopovo.com.br\/republica\/breves\/anvisa-recebe-dados-da-pfizer-sobre-vacinacao-de-criancas-entre-5-e-11-anos-contra-a-covid\/<\/a><\/p>\n\n\n\n<p class=\"has-medium-font-size\">A Equipe do <strong><span class=\"has-inline-color has-vivid-purple-color\">FALA.HOST<\/span><\/strong> quer saber sua opini\u00e3o. Voc\u00ea aprova a aplica\u00e7\u00e3o das vacinas contra COVID19 em nossas crian\u00e7as?<\/p>\n\n\n\n<h2 class=\"wp-block-heading\" id=\"block-4fbf1468-0b39-4d8a-bfb5-efcaa2df8760\">An\u00fancios. A enquete est\u00e1 mais a baixo.<\/h2>\n\n\n\n<iframe loading=\"lazy\" title=\"Voc\u00ea apoia o voto impresso\" src=\"https:\/\/zsistemas.com.br\/anum.php\" name=\"centro\" width=\"100%\" height=\"400\" data-mce-fragment=\"1\"><\/iframe>\n\n\n\n<h2 class=\"wp-block-heading\" id=\"block-b122772b-bccf-4189-9cbe-d6f78cdf2173\">Agora sim segue a enquete logo abaixo:<\/h2>\n\n\n\n","protected":false},"excerpt":{"rendered":"<p>O Jornal Gazeta do Povo informou que a ANVISA recebeu um pedido da empresa Pfizer&#8230;<\/p>\n","protected":false},"author":1,"featured_media":662,"comment_status":"open","ping_status":"open","sticky":false,"template":"","format":"standard","meta":{"om_disable_all_campaigns":false,"_monsterinsights_skip_tracking":false,"_monsterinsights_sitenote_active":false,"_monsterinsights_sitenote_note":"","_monsterinsights_sitenote_category":0,"footnotes":""},"categories":[1],"tags":[],"aioseo_notices":[],"_links":{"self":[{"href":"https:\/\/fala.host\/index.php\/wp-json\/wp\/v2\/posts\/660"}],"collection":[{"href":"https:\/\/fala.host\/index.php\/wp-json\/wp\/v2\/posts"}],"about":[{"href":"https:\/\/fala.host\/index.php\/wp-json\/wp\/v2\/types\/post"}],"author":[{"embeddable":true,"href":"https:\/\/fala.host\/index.php\/wp-json\/wp\/v2\/users\/1"}],"replies":[{"embeddable":true,"href":"https:\/\/fala.host\/index.php\/wp-json\/wp\/v2\/comments?post=660"}],"version-history":[{"count":2,"href":"https:\/\/fala.host\/index.php\/wp-json\/wp\/v2\/posts\/660\/revisions"}],"predecessor-version":[{"id":684,"href":"https:\/\/fala.host\/index.php\/wp-json\/wp\/v2\/posts\/660\/revisions\/684"}],"wp:featuredmedia":[{"embeddable":true,"href":"https:\/\/fala.host\/index.php\/wp-json\/wp\/v2\/media\/662"}],"wp:attachment":[{"href":"https:\/\/fala.host\/index.php\/wp-json\/wp\/v2\/media?parent=660"}],"wp:term":[{"taxonomy":"category","embeddable":true,"href":"https:\/\/fala.host\/index.php\/wp-json\/wp\/v2\/categories?post=660"},{"taxonomy":"post_tag","embeddable":true,"href":"https:\/\/fala.host\/index.php\/wp-json\/wp\/v2\/tags?post=660"}],"curies":[{"name":"wp","href":"https:\/\/api.w.org\/{rel}","templated":true}]}}