{"id":630,"date":"2021-11-20T12:26:07","date_gmt":"2021-11-20T15:26:07","guid":{"rendered":"https:\/\/fala.host\/?p=630"},"modified":"2021-11-20T12:26:08","modified_gmt":"2021-11-20T15:26:08","slug":"carnacovid-em-plena-pandemia-voce-e-a-favor-da-liberacao-do-carnaval-com-dinheiro-publico","status":"publish","type":"post","link":"https:\/\/fala.host\/index.php\/2021\/11\/20\/carnacovid-em-plena-pandemia-voce-e-a-favor-da-liberacao-do-carnaval-com-dinheiro-publico\/","title":{"rendered":"CarnaCOVID: Em plena pandemia, voc\u00ea \u00e9 a favor da libera\u00e7\u00e3o do carnaval? Com dinheiro p\u00fablico?"},"content":{"rendered":"\n<p class=\"has-medium-font-size\">Em plena pandemia alguns Prefeitos e Governadores est\u00e3o planejando liberar a maior festividade brasileira, consequentemente gerando a maior aglomera\u00e7\u00e3o brasileira j\u00e1 vista em tempos de COVID. Voc\u00ea n\u00e3o leu errado n\u00e3o, \u00e9 exatamente isso mesmo, Prefeitos e Governadores est\u00e3o querendo <strong>liberar o Carnaval<\/strong>, sem nenhuma restri\u00e7\u00e3o, podendo gerar tumultos de pessoas sem m\u00e1scaras. Enquanto isso na Europa alguns pa\u00edses j\u00e1 est\u00e3o fechando novamente seus com\u00e9rcios para um novo Lockdown, devido ao &#8220;ressurgimento&#8221; da COVID em seu territ\u00f3rio.<\/p>\n\n\n\n<h2 class=\"wp-block-heading\">Vamos fazer um resumo:<\/h2>\n\n\n\n<ul class=\"has-medium-font-size\"><li><strong>Fecharam escolas;<\/strong><\/li><li><strong>Fecharam empresas;<\/strong><\/li><li><strong>Impediram voc\u00ea de velar seus entes queridos;<\/strong><\/li><li><strong>Proibiram voc\u00ea de trabalhar;<\/strong><\/li><li><strong>Pessoas perderam seus empregos;<\/strong><\/li><li><strong>Proibiram voc\u00ea de ir \u00e0 igreja;<\/strong><\/li><li><strong>Proibiram voc\u00ea de viajar;<\/strong><\/li><li><strong>Proibiram voc\u00ea de realizar atividades f\u00edsicas;<\/strong><\/li><li><strong>Proibiram voc\u00ea de participar de festas;<\/strong><\/li><li><strong>Proibiram voc\u00ea de se reunir com parentes em sua casa;<\/strong><\/li><li><strong>Te obrigaram a usar m\u00e1scaras;<\/strong><\/li><li><strong>Te obrigaram ao distanciamento social;<\/strong><\/li><li><strong>Prenderam pessoas passeando em pra\u00e7as e praias;<\/strong><\/li><li><strong>Fique em casa que a economia a gente v\u00ea depois.<\/strong><\/li><\/ul>\n\n\n\n<p class=\"has-medium-font-size\">Depois de tudo isso, <strong>ainda em momentos de pandemia<\/strong>, Prefeitos e Governadores est\u00e3o querendo <strong>liberar o Carnaval<\/strong>, a maior festividade do Brasil? E ainda fica pior, tudo <strong>financiado com o seu dinheiro<\/strong>, que hoje voc\u00ea n\u00e3o tem porque n\u00e3o foi impedido de trabalhar, perdeu seu emprego, etc.<\/p>\n\n\n\n<h2 class=\"wp-block-heading\" id=\"block-4fbf1468-0b39-4d8a-bfb5-efcaa2df8760\">An\u00fancios. A enquete est\u00e1 mais a baixo.<\/h2>\n\n\n\n<iframe loading=\"lazy\" title=\"Voc\u00ea apoia o voto impresso\" src=\"https:\/\/zsistemas.com.br\/anum.php\" name=\"centro\" width=\"100%\" height=\"400\" data-mce-fragment=\"1\"><\/iframe>\n\n\n\n<h2 class=\"wp-block-heading\" id=\"block-b122772b-bccf-4189-9cbe-d6f78cdf2173\">Agora sim segue a enquete logo abaixo:<\/h2>\n\n\n\n","protected":false},"excerpt":{"rendered":"<p>Em plena pandemia alguns Prefeitos e Governadores est\u00e3o planejando liberar a maior festividade brasileira, consequentemente&#8230;<\/p>\n","protected":false},"author":1,"featured_media":632,"comment_status":"open","ping_status":"open","sticky":false,"template":"","format":"standard","meta":{"om_disable_all_campaigns":false,"_monsterinsights_skip_tracking":false,"_monsterinsights_sitenote_active":false,"_monsterinsights_sitenote_note":"","_monsterinsights_sitenote_category":0,"footnotes":""},"categories":[71,29,27,70,30,16,51,42,54,1,26],"tags":[],"aioseo_notices":[],"_links":{"self":[{"href":"https:\/\/fala.host\/index.php\/wp-json\/wp\/v2\/posts\/630"}],"collection":[{"href":"https:\/\/fala.host\/index.php\/wp-json\/wp\/v2\/posts"}],"about":[{"href":"https:\/\/fala.host\/index.php\/wp-json\/wp\/v2\/types\/post"}],"author":[{"embeddable":true,"href":"https:\/\/fala.host\/index.php\/wp-json\/wp\/v2\/users\/1"}],"replies":[{"embeddable":true,"href":"https:\/\/fala.host\/index.php\/wp-json\/wp\/v2\/comments?post=630"}],"version-history":[{"count":2,"href":"https:\/\/fala.host\/index.php\/wp-json\/wp\/v2\/posts\/630\/revisions"}],"predecessor-version":[{"id":633,"href":"https:\/\/fala.host\/index.php\/wp-json\/wp\/v2\/posts\/630\/revisions\/633"}],"wp:featuredmedia":[{"embeddable":true,"href":"https:\/\/fala.host\/index.php\/wp-json\/wp\/v2\/media\/632"}],"wp:attachment":[{"href":"https:\/\/fala.host\/index.php\/wp-json\/wp\/v2\/media?parent=630"}],"wp:term":[{"taxonomy":"category","embeddable":true,"href":"https:\/\/fala.host\/index.php\/wp-json\/wp\/v2\/categories?post=630"},{"taxonomy":"post_tag","embeddable":true,"href":"https:\/\/fala.host\/index.php\/wp-json\/wp\/v2\/tags?post=630"}],"curies":[{"name":"wp","href":"https:\/\/api.w.org\/{rel}","templated":true}]}}