{"id":388,"date":"2021-08-18T13:40:32","date_gmt":"2021-08-18T16:40:32","guid":{"rendered":"https:\/\/fala.host\/?p=388"},"modified":"2022-11-12T10:15:37","modified_gmt":"2022-11-12T13:15:37","slug":"general-heleno-se-o-art-142-esta-na-cf-e-pra-ser-usado-voce-concorda-com-intervencao-militar-como-deveria-ser","status":"publish","type":"post","link":"https:\/\/fala.host\/index.php\/2021\/08\/18\/general-heleno-se-o-art-142-esta-na-cf-e-pra-ser-usado-voce-concorda-com-intervencao-militar-como-deveria-ser\/","title":{"rendered":"General Heleno: Se o art. 142 est\u00e1 na CF \u00e9 pra ser usado. Voc\u00ea concorda com interven\u00e7\u00e3o militar? Como deveria ser?"},"content":{"rendered":"\n<p class=\"has-medium-font-size\">Nessa semana o General Heleno deu uma entrevista e ao ser questionado pelo Art. 142 da Constitui\u00e7\u00e3o Federal, que trata das compet\u00eancias das For\u00e7as Armadas. General respondeu que se est\u00e1 na Constitui\u00e7\u00e3o Federal \u00e9 pra ser usado. Ent\u00e3o a equipe da <strong><span class=\"has-inline-color has-vivid-purple-color\">FALA.HOST<\/span><\/strong> quer saber a sua opini\u00e3o. Voc\u00ea acredita que a CF permite uma interven\u00e7\u00e3o militar? Voc\u00ea aceitaria uma interven\u00e7\u00e3o militar? Como voc\u00ea acha que deveria ser uma interven\u00e7\u00e3o militar? Vote e responda no campo de complementa\u00e7\u00e3o de respostas.<\/p>\n\n\n\n<div class=\"wp-block-image\"><figure class=\"aligncenter size-large is-resized\"><img loading=\"lazy\" decoding=\"async\" src=\"https:\/\/fala.host\/wp-content\/uploads\/2022\/11\/image.png\" alt=\"\" class=\"wp-image-1388\" width=\"556\" height=\"724\" srcset=\"https:\/\/fala.host\/wp-content\/uploads\/2022\/11\/image.png 556w, https:\/\/fala.host\/wp-content\/uploads\/2022\/11\/image-230x300.png 230w\" sizes=\"(max-width: 556px) 100vw, 556px\" \/><figcaption>Fonte: <a href=\"https:\/\/www.jornaldacidadeonline.com.br\/noticias\/32149\/general-heleno-da-forte-recado-e-diz-que-se-artigo-142-esta-na-constituicao-e-sinal-de-que-pode-ser-usado-veja-o-video\" target=\"_blank\" rel=\"noopener\">Jornal da cidade online<\/a><\/figcaption><\/figure><\/div>\n\n\n\n<p class=\"has-medium-font-size\">Para conhecer mais sobre o Pre\u00e2mbulo, o art. 142 e art. Primeiro da constitui\u00e7\u00e3o, seguem na \u00edntegra abaixo:<\/p>\n\n\n\n<blockquote class=\"wp-block-quote is-layout-flow wp-block-quote-is-layout-flow\"><p><strong>PRE\u00c2MBULO<\/strong><\/p><p>N\u00f3s, representantes do povo brasileiro, reunidos em Assembl\u00e9ia Nacional Constituinte para instituir um Estado Democr\u00e1tico, destinado a assegurar o exerc\u00edcio dos direitos sociais e individuais, a liberdade, a seguran\u00e7a, o bem-estar, o desenvolvimento, a igualdade e a justi\u00e7a como valores supremos de uma sociedade fraterna, pluralista e sem preconceitos, fundada na harmonia social e comprometida, na ordem interna e internacional, com a solu\u00e7\u00e3o pac\u00edfica das controv\u00e9rsias, promulgamos, sob a prote\u00e7\u00e3o de Deus, a seguinte CONSTITUI\u00c7\u00c3O DA REP\u00daBLICA FEDERATIVA DO BRASIL.<\/p><p>Art. 1\u00ba A Rep\u00fablica Federativa do Brasil, formada pela uni\u00e3o indissol\u00favel dos Estados e Munic\u00edpios e do Distrito Federal, constitui-se em Estado Democr\u00e1tico de Direito e tem como fundamentos:<\/p><p>Par\u00e1grafo \u00fanico. Todo o poder emana do povo, que o exerce por meio de representantes eleitos ou diretamente, nos termos desta Constitui\u00e7\u00e3o.<\/p><p>Art. 142. As For\u00e7as Armadas, constitu\u00eddas pela Marinha, pelo Ex\u00e9rcito e pela Aeron\u00e1utica, s\u00e3o institui\u00e7\u00f5es nacionais permanentes e regulares, organizadas com base na hierarquia e na disciplina, sob a autoridade suprema do Presidente da Rep\u00fablica, e destinam-se \u00e0 defesa da P\u00e1tria, \u00e0 garantia dos poderes constitucionais e, por iniciativa de qualquer destes, da lei e da ordem.<\/p><cite>Constitui\u00e7\u00e3o Federal do Brasil<\/cite><\/blockquote>\n\n\n\n<p class=\"has-text-align-center\"><a href=\"http:\/\/www.planalto.gov.br\/ccivil_03\/Constituicao\/Constituicao.htm\" target=\"_blank\" rel=\"noreferrer noopener\">Fonte: Constitui\u00e7\u00e3o Federal<\/a><\/p>\n\n\n\n\n\n\n<h2 class=\"wp-block-heading\">Aproveite e vote nessas enquetes tamb\u00e9m<\/h2>\n\n\n\n<figure class=\"wp-block-embed is-type-wp-embed is-provider-fala-host wp-block-embed-fala-host\"><div class=\"wp-block-embed__wrapper\">\n<blockquote class=\"wp-embedded-content\" data-secret=\"63zylCzefy\"><a href=\"https:\/\/fala.host\/index.php\/2022\/05\/19\/enquete-voce-apoia-as-forcas-armadas-auditarem-o-processo-eleitoral\/\">ENQUETE: Voc\u00ea ap\u00f3ia as For\u00e7as Armadas auditarem o processo eleitoral?<\/a><\/blockquote><iframe class=\"wp-embedded-content\" sandbox=\"allow-scripts\" security=\"restricted\" style=\"position: absolute; clip: rect(1px, 1px, 1px, 1px);\" title=\"&#8220;ENQUETE: Voc\u00ea ap\u00f3ia as For\u00e7as Armadas auditarem o processo eleitoral?&#8221; &#8212; Fala Host\" src=\"https:\/\/fala.host\/index.php\/2022\/05\/19\/enquete-voce-apoia-as-forcas-armadas-auditarem-o-processo-eleitoral\/embed\/#?secret=dNrZouk3GY#?secret=63zylCzefy\" data-secret=\"63zylCzefy\" width=\"600\" height=\"338\" frameborder=\"0\" marginwidth=\"0\" marginheight=\"0\" scrolling=\"no\"><\/iframe>\n<\/div><\/figure>\n\n\n\n<figure class=\"wp-block-embed is-type-wp-embed is-provider-fala-host wp-block-embed-fala-host\"><div class=\"wp-block-embed__wrapper\">\n<blockquote class=\"wp-embedded-content\" data-secret=\"f9MffFXn3A\"><a href=\"https:\/\/fala.host\/index.php\/2022\/11\/11\/voce-e-a-favor-das-manifestacoes-que-estao-ocorrendo-em-todo-brasil\/\">Voc\u00ea \u00e9 a favor das manifesta\u00e7\u00f5es que est\u00e3o ocorrendo em todo Brasil?<\/a><\/blockquote><iframe class=\"wp-embedded-content\" sandbox=\"allow-scripts\" security=\"restricted\" style=\"position: absolute; clip: rect(1px, 1px, 1px, 1px);\" title=\"&#8220;Voc\u00ea \u00e9 a favor das manifesta\u00e7\u00f5es que est\u00e3o ocorrendo em todo Brasil?&#8221; &#8212; Fala Host\" src=\"https:\/\/fala.host\/index.php\/2022\/11\/11\/voce-e-a-favor-das-manifestacoes-que-estao-ocorrendo-em-todo-brasil\/embed\/#?secret=tWlB5I6aSU#?secret=f9MffFXn3A\" data-secret=\"f9MffFXn3A\" width=\"600\" height=\"338\" frameborder=\"0\" marginwidth=\"0\" marginheight=\"0\" scrolling=\"no\"><\/iframe>\n<\/div><\/figure>\n\n\n\n<figure class=\"wp-block-embed is-type-wp-embed is-provider-fala-host wp-block-embed-fala-host\"><div class=\"wp-block-embed__wrapper\">\n<blockquote class=\"wp-embedded-content\" data-secret=\"TUPjXgG65F\"><a href=\"https:\/\/fala.host\/index.php\/2022\/05\/14\/vc-concorda-com-a-fala-do-ministro-de-que-as-fas-sao-orientadas-a-atacar-o-sistema-eleitoral\/\">Vc concorda com a fala do Ministro de que as FAs s\u00e3o orientadas a atacar o sistema eleitoral?<\/a><\/blockquote><iframe class=\"wp-embedded-content\" sandbox=\"allow-scripts\" security=\"restricted\" style=\"position: absolute; clip: rect(1px, 1px, 1px, 1px);\" title=\"&#8220;Vc concorda com a fala do Ministro de que as FAs s\u00e3o orientadas a atacar o sistema eleitoral?&#8221; &#8212; Fala Host\" src=\"https:\/\/fala.host\/index.php\/2022\/05\/14\/vc-concorda-com-a-fala-do-ministro-de-que-as-fas-sao-orientadas-a-atacar-o-sistema-eleitoral\/embed\/#?secret=oVAetyJcSo#?secret=TUPjXgG65F\" data-secret=\"TUPjXgG65F\" width=\"600\" height=\"338\" frameborder=\"0\" marginwidth=\"0\" marginheight=\"0\" scrolling=\"no\"><\/iframe>\n<\/div><\/figure>\n","protected":false},"excerpt":{"rendered":"<p>Nessa semana o General Heleno deu uma entrevista e ao ser questionado pelo Art. 142&#8230;<\/p>\n","protected":false},"author":1,"featured_media":393,"comment_status":"open","ping_status":"open","sticky":false,"template":"","format":"standard","meta":{"om_disable_all_campaigns":false,"_monsterinsights_skip_tracking":false,"_monsterinsights_sitenote_active":false,"_monsterinsights_sitenote_note":"","_monsterinsights_sitenote_category":0,"footnotes":""},"categories":[18,20,30,33,17,37,19,16,1],"tags":[],"aioseo_notices":[],"_links":{"self":[{"href":"https:\/\/fala.host\/index.php\/wp-json\/wp\/v2\/posts\/388"}],"collection":[{"href":"https:\/\/fala.host\/index.php\/wp-json\/wp\/v2\/posts"}],"about":[{"href":"https:\/\/fala.host\/index.php\/wp-json\/wp\/v2\/types\/post"}],"author":[{"embeddable":true,"href":"https:\/\/fala.host\/index.php\/wp-json\/wp\/v2\/users\/1"}],"replies":[{"embeddable":true,"href":"https:\/\/fala.host\/index.php\/wp-json\/wp\/v2\/comments?post=388"}],"version-history":[{"count":10,"href":"https:\/\/fala.host\/index.php\/wp-json\/wp\/v2\/posts\/388\/revisions"}],"predecessor-version":[{"id":1394,"href":"https:\/\/fala.host\/index.php\/wp-json\/wp\/v2\/posts\/388\/revisions\/1394"}],"wp:featuredmedia":[{"embeddable":true,"href":"https:\/\/fala.host\/index.php\/wp-json\/wp\/v2\/media\/393"}],"wp:attachment":[{"href":"https:\/\/fala.host\/index.php\/wp-json\/wp\/v2\/media?parent=388"}],"wp:term":[{"taxonomy":"category","embeddable":true,"href":"https:\/\/fala.host\/index.php\/wp-json\/wp\/v2\/categories?post=388"},{"taxonomy":"post_tag","embeddable":true,"href":"https:\/\/fala.host\/index.php\/wp-json\/wp\/v2\/tags?post=388"}],"curies":[{"name":"wp","href":"https:\/\/api.w.org\/{rel}","templated":true}]}}