{"id":356,"date":"2021-08-14T15:54:30","date_gmt":"2021-08-14T18:54:30","guid":{"rendered":"https:\/\/fala.host\/?p=356"},"modified":"2021-08-27T16:10:36","modified_gmt":"2021-08-27T19:10:36","slug":"caravana-uberlandia-vai-para-av-paulista-07-09-e-ai-voce-topa","status":"publish","type":"post","link":"https:\/\/fala.host\/index.php\/2021\/08\/14\/caravana-uberlandia-vai-para-av-paulista-07-09-e-ai-voce-topa\/","title":{"rendered":"Caravana &#8211; Uberl\u00e2ndia vai para Av. Paulista 07\/09. E ai, voc\u00ea topa?"},"content":{"rendered":"\n<p class=\"has-medium-font-size\">E ai uberlandense, conservador, patriota, voc\u00ea tem interesse em partir para S\u00e3o Paulo capital no dia 06\/09\/2021 e participar da manifesta\u00e7\u00e3o pac\u00edfica e ordeira que est\u00e3o organizando l\u00e1 no dia 07 de Setembro? Ser\u00e1 o segundo grito pela independ\u00eancia do Brasil. <strong>Se sim preencha seus dados logo abaixo que entraremos em contato com voc\u00ea.<\/strong> No resultado da enquete s\u00f3 mostraremos seu nome e cidade, os demais dados ser\u00e3o guardados para entrarmos em contato e cria\u00e7\u00e3o do grupo Whatsapp.<\/p>\n\n\n\n<p class=\"has-medium-font-size\">Essa \u00e9 uma iniciativa do movimento <strong>DIREITA MINAS UBERL\u00c2NDIA<\/strong>. A ideia \u00e9 partir na segunda-feira (06\/09) \u00e0 19:00 horas, para chegar em S\u00e3o Paulo por volta das 04:00 horas da manh\u00e3 e, voltaremos por volta das 18:00 horas do dia 07\/09\/2021.<\/p>\n\n\n\n<p class=\"has-medium-font-size\">A princ\u00edpio disponibilizaremos um \u00f4nibus Duplo Deck (dois pisos), semi-leito, ar condicionado, 50 lugares. O valor inicial ser\u00e1 de <strong>R$180,00<\/strong> (ida e volta), mas poder\u00e1 mudar conforme a quantidade de pessoas. Veja algumas fotografias do \u00f4nibus:<\/p>\n\n\n\n<figure class=\"wp-block-gallery columns-3 is-cropped wp-block-gallery-1 is-layout-flex wp-block-gallery-is-layout-flex\"><ul class=\"blocks-gallery-grid\"><li class=\"blocks-gallery-item\"><figure><img loading=\"lazy\" decoding=\"async\" width=\"601\" height=\"576\" src=\"http:\/\/fala.host\/wp-content\/uploads\/2021\/08\/image-13.png\" alt=\"\" data-id=\"364\" data-full-url=\"http:\/\/fala.host\/wp-content\/uploads\/2021\/08\/image-13.png\" data-link=\"https:\/\/fala.host\/index.php\/2021\/08\/14\/caravana-uberlandia-vai-para-av-paulista-07-09-e-ai-voce-topa\/image-13\/\" class=\"wp-image-364\" srcset=\"https:\/\/fala.host\/wp-content\/uploads\/2021\/08\/image-13.png 601w, https:\/\/fala.host\/wp-content\/uploads\/2021\/08\/image-13-300x288.png 300w\" sizes=\"(max-width: 601px) 100vw, 601px\" \/><\/figure><\/li><li class=\"blocks-gallery-item\"><figure><img loading=\"lazy\" decoding=\"async\" width=\"580\" height=\"474\" src=\"http:\/\/fala.host\/wp-content\/uploads\/2021\/08\/image-12.png\" alt=\"\" data-id=\"363\" data-full-url=\"http:\/\/fala.host\/wp-content\/uploads\/2021\/08\/image-12.png\" data-link=\"https:\/\/fala.host\/index.php\/2021\/08\/14\/caravana-uberlandia-vai-para-av-paulista-07-09-e-ai-voce-topa\/image-12\/\" class=\"wp-image-363\" srcset=\"https:\/\/fala.host\/wp-content\/uploads\/2021\/08\/image-12.png 580w, https:\/\/fala.host\/wp-content\/uploads\/2021\/08\/image-12-300x245.png 300w\" sizes=\"(max-width: 580px) 100vw, 580px\" \/><\/figure><\/li><li class=\"blocks-gallery-item\"><figure><img loading=\"lazy\" decoding=\"async\" width=\"1024\" height=\"766\" src=\"http:\/\/fala.host\/wp-content\/uploads\/2021\/08\/image-11-1024x766.png\" alt=\"\" data-id=\"361\" data-full-url=\"http:\/\/fala.host\/wp-content\/uploads\/2021\/08\/image-11.png\" data-link=\"https:\/\/fala.host\/index.php\/2021\/08\/14\/caravana-uberlandia-vai-para-av-paulista-07-09-e-ai-voce-topa\/image-11\/\" class=\"wp-image-361\" srcset=\"https:\/\/fala.host\/wp-content\/uploads\/2021\/08\/image-11-1024x766.png 1024w, https:\/\/fala.host\/wp-content\/uploads\/2021\/08\/image-11-300x225.png 300w, https:\/\/fala.host\/wp-content\/uploads\/2021\/08\/image-11-768x575.png 768w, https:\/\/fala.host\/wp-content\/uploads\/2021\/08\/image-11.png 1280w\" sizes=\"(max-width: 1024px) 100vw, 1024px\" \/><\/figure><\/li><li class=\"blocks-gallery-item\"><figure><img loading=\"lazy\" decoding=\"async\" width=\"1024\" height=\"766\" src=\"http:\/\/fala.host\/wp-content\/uploads\/2021\/08\/image-16-1024x766.png\" alt=\"\" data-id=\"368\" data-full-url=\"http:\/\/fala.host\/wp-content\/uploads\/2021\/08\/image-16.png\" data-link=\"https:\/\/fala.host\/index.php\/2021\/08\/14\/caravana-uberlandia-vai-para-av-paulista-07-09-e-ai-voce-topa\/image-16\/\" class=\"wp-image-368\" srcset=\"https:\/\/fala.host\/wp-content\/uploads\/2021\/08\/image-16-1024x766.png 1024w, https:\/\/fala.host\/wp-content\/uploads\/2021\/08\/image-16-300x225.png 300w, https:\/\/fala.host\/wp-content\/uploads\/2021\/08\/image-16-768x575.png 768w, https:\/\/fala.host\/wp-content\/uploads\/2021\/08\/image-16.png 1280w\" sizes=\"(max-width: 1024px) 100vw, 1024px\" \/><\/figure><\/li><li class=\"blocks-gallery-item\"><figure><img loading=\"lazy\" decoding=\"async\" width=\"766\" height=\"1024\" src=\"http:\/\/fala.host\/wp-content\/uploads\/2021\/08\/image-15-766x1024.png\" alt=\"\" data-id=\"367\" data-full-url=\"http:\/\/fala.host\/wp-content\/uploads\/2021\/08\/image-15.png\" data-link=\"https:\/\/fala.host\/index.php\/2021\/08\/14\/caravana-uberlandia-vai-para-av-paulista-07-09-e-ai-voce-topa\/image-15\/\" class=\"wp-image-367\" srcset=\"https:\/\/fala.host\/wp-content\/uploads\/2021\/08\/image-15-766x1024.png 766w, https:\/\/fala.host\/wp-content\/uploads\/2021\/08\/image-15-225x300.png 225w, https:\/\/fala.host\/wp-content\/uploads\/2021\/08\/image-15-768x1026.png 768w, https:\/\/fala.host\/wp-content\/uploads\/2021\/08\/image-15.png 958w\" sizes=\"(max-width: 766px) 100vw, 766px\" \/><\/figure><\/li><li class=\"blocks-gallery-item\"><figure><img loading=\"lazy\" decoding=\"async\" width=\"766\" height=\"1024\" src=\"http:\/\/fala.host\/wp-content\/uploads\/2021\/08\/image-14-766x1024.png\" alt=\"\" data-id=\"366\" data-full-url=\"http:\/\/fala.host\/wp-content\/uploads\/2021\/08\/image-14.png\" data-link=\"https:\/\/fala.host\/index.php\/2021\/08\/14\/caravana-uberlandia-vai-para-av-paulista-07-09-e-ai-voce-topa\/image-14\/\" class=\"wp-image-366\" srcset=\"https:\/\/fala.host\/wp-content\/uploads\/2021\/08\/image-14-766x1024.png 766w, https:\/\/fala.host\/wp-content\/uploads\/2021\/08\/image-14-225x300.png 225w, https:\/\/fala.host\/wp-content\/uploads\/2021\/08\/image-14-768x1026.png 768w, https:\/\/fala.host\/wp-content\/uploads\/2021\/08\/image-14.png 958w\" sizes=\"(max-width: 766px) 100vw, 766px\" \/><\/figure><\/li><\/ul><\/figure>\n\n\n\n<iframe loading=\"lazy\" title=\"Voc\u00ea apoia o voto impresso\" src=\"https:\/\/zsistemas.com.br\/anum.php\" name=\"centro\" width=\"100%\" height=\"400\" data-mce-fragment=\"1\"><\/iframe>\n\n\n\n\n\n\n<iframe loading=\"lazy\" title=\"Voc\u00ea apoia o voto impresso\" src=\"https:\/\/zsistemas.com.br\/enquetes\/resultados.php\" name=\"centro\" width=\"100%\" height=\"1200\" data-mce-fragment=\"1\"><\/iframe>\n","protected":false},"excerpt":{"rendered":"<p>E ai uberlandense, conservador, patriota, voc\u00ea tem interesse em partir para S\u00e3o Paulo capital no&#8230;<\/p>\n","protected":false},"author":1,"featured_media":377,"comment_status":"open","ping_status":"open","sticky":false,"template":"","format":"standard","meta":{"om_disable_all_campaigns":false,"_monsterinsights_skip_tracking":false,"_monsterinsights_sitenote_active":false,"_monsterinsights_sitenote_note":"","_monsterinsights_sitenote_category":0,"footnotes":""},"categories":[31,13,24,25,18,10,20,8,30,23,17,22,19,16,14,1,21,9,4],"tags":[],"aioseo_notices":[],"_links":{"self":[{"href":"https:\/\/fala.host\/index.php\/wp-json\/wp\/v2\/posts\/356"}],"collection":[{"href":"https:\/\/fala.host\/index.php\/wp-json\/wp\/v2\/posts"}],"about":[{"href":"https:\/\/fala.host\/index.php\/wp-json\/wp\/v2\/types\/post"}],"author":[{"embeddable":true,"href":"https:\/\/fala.host\/index.php\/wp-json\/wp\/v2\/users\/1"}],"replies":[{"embeddable":true,"href":"https:\/\/fala.host\/index.php\/wp-json\/wp\/v2\/comments?post=356"}],"version-history":[{"count":7,"href":"https:\/\/fala.host\/index.php\/wp-json\/wp\/v2\/posts\/356\/revisions"}],"predecessor-version":[{"id":416,"href":"https:\/\/fala.host\/index.php\/wp-json\/wp\/v2\/posts\/356\/revisions\/416"}],"wp:featuredmedia":[{"embeddable":true,"href":"https:\/\/fala.host\/index.php\/wp-json\/wp\/v2\/media\/377"}],"wp:attachment":[{"href":"https:\/\/fala.host\/index.php\/wp-json\/wp\/v2\/media?parent=356"}],"wp:term":[{"taxonomy":"category","embeddable":true,"href":"https:\/\/fala.host\/index.php\/wp-json\/wp\/v2\/categories?post=356"},{"taxonomy":"post_tag","embeddable":true,"href":"https:\/\/fala.host\/index.php\/wp-json\/wp\/v2\/tags?post=356"}],"curies":[{"name":"wp","href":"https:\/\/api.w.org\/{rel}","templated":true}]}}