{"id":275,"date":"2021-08-04T18:37:00","date_gmt":"2021-08-04T21:37:00","guid":{"rendered":"https:\/\/fala.host\/?p=275"},"modified":"2021-08-27T16:19:40","modified_gmt":"2021-08-27T19:19:40","slug":"voce-esta-sabendo-da-manifestacao-do-dia-07-de-setembro-de-2021-voce-vai","status":"publish","type":"post","link":"https:\/\/fala.host\/index.php\/2021\/08\/04\/voce-esta-sabendo-da-manifestacao-do-dia-07-de-setembro-de-2021-voce-vai\/","title":{"rendered":"Voc\u00ea est\u00e1 sabendo da manifesta\u00e7\u00e3o do dia 07 de setembro de 2021? Voc\u00ea vai?"},"content":{"rendered":"\n<p class=\"has-medium-font-size\">Alguns grupos organizados est\u00e3o convocando a popula\u00e7\u00e3o para comparecer \u00e0s ruas no dia 07\/09\/2021, para se manifestarem em <strong>defesa da democracia, liberdade, do estado de direito e a nova independ\u00eancia do Brasil<\/strong>. Pelo que pudemos acompanhar nesses \u00faltimos dias, esses pilares balizantes de nossa sociedade est\u00e3o sob amea\u00e7a, portanto nada melhor do que sairmos \u00e0s ruas exigindo o cumprimento de todos os nossos direitos.<\/p>\n\n\n\n<p class=\"has-medium-font-size\">As principais manifesta\u00e7\u00f5es ser\u00e3o concentradas em Bras\u00edlia, onde os representantes patriotas do Agroneg\u00f3cio pretendem acampar e somente deixar Bras\u00edlia quando o <strong>voto impresso, audit\u00e1vel e com contagem p\u00fablica dos votos for completamente aprovado<\/strong> e, em S\u00e3o Paulo, na Av. Paulista, onde movimentos patriotas, conservadores e defensores da fam\u00edlia pretendem realizar a maior manifesta\u00e7\u00e3o de todos os tempos. Por\u00e9m, movimentos e sociedade organizada de todo Brasil j\u00e1 comunicaram que realizar\u00e3o manifesta\u00e7\u00f5es em suas cidades, portanto ser\u00e1 um movimento nacional.<\/p>\n\n\n\n<p class=\"has-medium-font-size\">A equipe do <strong><span class=\"has-inline-color has-vivid-red-color\">FALA.HOST<\/span><\/strong> quer saber sua opini\u00e3o, voc\u00ea est\u00e1 sabendo dessa manifesta\u00e7\u00e3o? Voc\u00ea pretende participar? Em qual cidade voc\u00ea pretende participar? Vote, deixe seu recado personalizado, sua opini\u00e3o e compartilhe ao m\u00e1ximo essa enquete.<\/p>\n\n\n\n<iframe loading=\"lazy\" title=\"Voc\u00ea apoia o voto impresso\" src=\"https:\/\/zsistemas.com.br\/anum.php\" name=\"centro\" width=\"100%\" height=\"400\" data-mce-fragment=\"1\"><\/iframe>\n\n\n\n\n\n\n<h2 class=\"wp-block-heading\">&nbsp;<\/h2>\n\n\n\n<h1 class=\"wp-block-heading\">Abaixo segue o resulta da enquete sobre o Voto Impresso. Voc\u00ea poia o voto impresso?<\/h1>\n\n\n\n<iframe loading=\"lazy\" title=\"Voc\u00ea apoia o voto impresso\" src=\"https:\/\/zsistemas.com.br\/enquetes\/resultados.php\" name=\"centro\" width=\"100%\" height=\"1200\" data-mce-fragment=\"1\"><\/iframe>\n\n\n\n<h1 class=\"wp-block-heading\">Gostaria de participar votando na enquete do Voto Impresso? Clique aqui:<\/h1>\n\n\n\n<figure class=\"wp-block-embed is-type-wp-embed is-provider-fala-host wp-block-embed-fala-host\"><div class=\"wp-block-embed__wrapper\">\n<blockquote class=\"wp-embedded-content\" data-secret=\"WFjqTkJXvp\"><a href=\"https:\/\/fala.host\/index.php\/2021\/07\/03\/enquete-voce-apoia-o-voto-impresso\/\">Enquete: Voc\u00ea apoia o voto impresso?<\/a><\/blockquote><iframe class=\"wp-embedded-content\" sandbox=\"allow-scripts\" security=\"restricted\" style=\"position: absolute; clip: rect(1px, 1px, 1px, 1px);\" title=\"&#8220;Enquete: Voc\u00ea apoia o voto impresso?&#8221; &#8212; Fala Host\" src=\"https:\/\/fala.host\/index.php\/2021\/07\/03\/enquete-voce-apoia-o-voto-impresso\/embed\/#?secret=roZwPH3kOG#?secret=WFjqTkJXvp\" data-secret=\"WFjqTkJXvp\" width=\"600\" height=\"338\" frameborder=\"0\" marginwidth=\"0\" marginheight=\"0\" scrolling=\"no\"><\/iframe>\n<\/div><\/figure>\n\n\n\n<p><\/p>\n","protected":false},"excerpt":{"rendered":"<p>Alguns grupos organizados est\u00e3o convocando a popula\u00e7\u00e3o para comparecer \u00e0s ruas no dia 07\/09\/2021, para&#8230;<\/p>\n","protected":false},"author":1,"featured_media":276,"comment_status":"open","ping_status":"open","sticky":false,"template":"","format":"standard","meta":{"om_disable_all_campaigns":false,"_monsterinsights_skip_tracking":false,"_monsterinsights_sitenote_active":false,"_monsterinsights_sitenote_note":"","_monsterinsights_sitenote_category":0,"footnotes":""},"categories":[18,20,19,16,1],"tags":[],"aioseo_notices":[],"_links":{"self":[{"href":"https:\/\/fala.host\/index.php\/wp-json\/wp\/v2\/posts\/275"}],"collection":[{"href":"https:\/\/fala.host\/index.php\/wp-json\/wp\/v2\/posts"}],"about":[{"href":"https:\/\/fala.host\/index.php\/wp-json\/wp\/v2\/types\/post"}],"author":[{"embeddable":true,"href":"https:\/\/fala.host\/index.php\/wp-json\/wp\/v2\/users\/1"}],"replies":[{"embeddable":true,"href":"https:\/\/fala.host\/index.php\/wp-json\/wp\/v2\/comments?post=275"}],"version-history":[{"count":7,"href":"https:\/\/fala.host\/index.php\/wp-json\/wp\/v2\/posts\/275\/revisions"}],"predecessor-version":[{"id":424,"href":"https:\/\/fala.host\/index.php\/wp-json\/wp\/v2\/posts\/275\/revisions\/424"}],"wp:featuredmedia":[{"embeddable":true,"href":"https:\/\/fala.host\/index.php\/wp-json\/wp\/v2\/media\/276"}],"wp:attachment":[{"href":"https:\/\/fala.host\/index.php\/wp-json\/wp\/v2\/media?parent=275"}],"wp:term":[{"taxonomy":"category","embeddable":true,"href":"https:\/\/fala.host\/index.php\/wp-json\/wp\/v2\/categories?post=275"},{"taxonomy":"post_tag","embeddable":true,"href":"https:\/\/fala.host\/index.php\/wp-json\/wp\/v2\/tags?post=275"}],"curies":[{"name":"wp","href":"https:\/\/api.w.org\/{rel}","templated":true}]}}