{"id":1697,"date":"2023-07-29T21:42:49","date_gmt":"2023-07-30T00:42:49","guid":{"rendered":"https:\/\/fala.host\/?p=1697"},"modified":"2023-07-29T21:42:50","modified_gmt":"2023-07-30T00:42:50","slug":"enquete-fugir-da-ditadura-qual-a-sua-visao-sobre-os-jornalistas-e-influenciadores-que-precisam-fugir-do-brasil","status":"publish","type":"post","link":"https:\/\/fala.host\/index.php\/2023\/07\/29\/enquete-fugir-da-ditadura-qual-a-sua-visao-sobre-os-jornalistas-e-influenciadores-que-precisam-fugir-do-brasil\/","title":{"rendered":"ENQUETE: FUGIR DA DITADURA &#8211; Qual a sua vis\u00e3o sobre os jornalistas e influenciadores que precisam fugir do Brasil?"},"content":{"rendered":"\n<p class=\"has-medium-font-size\">Como \u00e9 de conhecimento geral muitos jornalistas j\u00e1 foram presos, outros receberam mandado de pris\u00e3o, outros est\u00e3o exilados fora do Brasil. Para fugir da ditadura muitos jornalistas e influenciadores j\u00e1 est\u00e3o saindo do Brasil para continuarem fazendo seus trabalhos, denunciarem a inconstitucionalidade brasileira. A Equipe do <strong>FALA.HOST<\/strong> quer saber a sua opini\u00e3o. <strong>Qual a sua opini\u00e3o sobre os jornalistas e influenciadores que para continuarem seu trabalho de informa\u00e7\u00e3o, precisam fugir do Brasil?<\/strong><\/p>\n\n\n\n","protected":false},"excerpt":{"rendered":"<p>Como \u00e9 de conhecimento geral muitos jornalistas j\u00e1 foram presos, outros receberam mandado de pris\u00e3o,&#8230;<\/p>\n","protected":false},"author":1,"featured_media":1698,"comment_status":"open","ping_status":"open","sticky":false,"template":"","format":"standard","meta":{"om_disable_all_campaigns":false,"_monsterinsights_skip_tracking":false,"_monsterinsights_sitenote_active":false,"_monsterinsights_sitenote_note":"","_monsterinsights_sitenote_category":0,"footnotes":""},"categories":[147,146,1],"tags":[],"aioseo_notices":[],"_links":{"self":[{"href":"https:\/\/fala.host\/index.php\/wp-json\/wp\/v2\/posts\/1697"}],"collection":[{"href":"https:\/\/fala.host\/index.php\/wp-json\/wp\/v2\/posts"}],"about":[{"href":"https:\/\/fala.host\/index.php\/wp-json\/wp\/v2\/types\/post"}],"author":[{"embeddable":true,"href":"https:\/\/fala.host\/index.php\/wp-json\/wp\/v2\/users\/1"}],"replies":[{"embeddable":true,"href":"https:\/\/fala.host\/index.php\/wp-json\/wp\/v2\/comments?post=1697"}],"version-history":[{"count":1,"href":"https:\/\/fala.host\/index.php\/wp-json\/wp\/v2\/posts\/1697\/revisions"}],"predecessor-version":[{"id":1699,"href":"https:\/\/fala.host\/index.php\/wp-json\/wp\/v2\/posts\/1697\/revisions\/1699"}],"wp:featuredmedia":[{"embeddable":true,"href":"https:\/\/fala.host\/index.php\/wp-json\/wp\/v2\/media\/1698"}],"wp:attachment":[{"href":"https:\/\/fala.host\/index.php\/wp-json\/wp\/v2\/media?parent=1697"}],"wp:term":[{"taxonomy":"category","embeddable":true,"href":"https:\/\/fala.host\/index.php\/wp-json\/wp\/v2\/categories?post=1697"},{"taxonomy":"post_tag","embeddable":true,"href":"https:\/\/fala.host\/index.php\/wp-json\/wp\/v2\/tags?post=1697"}],"curies":[{"name":"wp","href":"https:\/\/api.w.org\/{rel}","templated":true}]}}