{"id":1679,"date":"2023-07-22T10:26:34","date_gmt":"2023-07-22T13:26:34","guid":{"rendered":"https:\/\/fala.host\/?p=1679"},"modified":"2023-07-22T10:26:35","modified_gmt":"2023-07-22T13:26:35","slug":"enquete-cadeia-aos-manifestantes-voce-acredita-que-existe-a-chance-de-proibirem-manifestacoes-no-brasil","status":"publish","type":"post","link":"https:\/\/fala.host\/index.php\/2023\/07\/22\/enquete-cadeia-aos-manifestantes-voce-acredita-que-existe-a-chance-de-proibirem-manifestacoes-no-brasil\/","title":{"rendered":"ENQUETE CADEIA AOS MANIFESTANTES: Voc\u00ea acredita que existe a chance de proibirem manifesta\u00e7\u00f5es no Brasil?"},"content":{"rendered":"\n<p class=\"has-medium-font-size\">Muitos outros pa\u00edses que passaram pelo mesmo regime de exce\u00e7\u00e3o que o Brasil est\u00e1 passando, tiveram seus direitos de manifesta\u00e7\u00f5es removidos da carta magna chamada Constitui\u00e7\u00e3o Federal. A Equipe do <strong>FALA.HOST<\/strong> gostaria da sua opini\u00e3o neste assunto: Voc\u00ea acredita na possibilidade de proibirem as manifesta\u00e7\u00f5es no Brasil?<\/p>\n\n\n\n\n\n\n<p><\/p>\n","protected":false},"excerpt":{"rendered":"<p>Muitos outros pa\u00edses que passaram pelo mesmo regime de exce\u00e7\u00e3o que o Brasil est\u00e1 passando,&#8230;<\/p>\n","protected":false},"author":1,"featured_media":1680,"comment_status":"open","ping_status":"open","sticky":false,"template":"","format":"standard","meta":{"om_disable_all_campaigns":false,"_monsterinsights_skip_tracking":false,"_monsterinsights_sitenote_active":false,"_monsterinsights_sitenote_note":"","_monsterinsights_sitenote_category":0,"footnotes":""},"categories":[1],"tags":[],"aioseo_notices":[],"_links":{"self":[{"href":"https:\/\/fala.host\/index.php\/wp-json\/wp\/v2\/posts\/1679"}],"collection":[{"href":"https:\/\/fala.host\/index.php\/wp-json\/wp\/v2\/posts"}],"about":[{"href":"https:\/\/fala.host\/index.php\/wp-json\/wp\/v2\/types\/post"}],"author":[{"embeddable":true,"href":"https:\/\/fala.host\/index.php\/wp-json\/wp\/v2\/users\/1"}],"replies":[{"embeddable":true,"href":"https:\/\/fala.host\/index.php\/wp-json\/wp\/v2\/comments?post=1679"}],"version-history":[{"count":1,"href":"https:\/\/fala.host\/index.php\/wp-json\/wp\/v2\/posts\/1679\/revisions"}],"predecessor-version":[{"id":1681,"href":"https:\/\/fala.host\/index.php\/wp-json\/wp\/v2\/posts\/1679\/revisions\/1681"}],"wp:featuredmedia":[{"embeddable":true,"href":"https:\/\/fala.host\/index.php\/wp-json\/wp\/v2\/media\/1680"}],"wp:attachment":[{"href":"https:\/\/fala.host\/index.php\/wp-json\/wp\/v2\/media?parent=1679"}],"wp:term":[{"taxonomy":"category","embeddable":true,"href":"https:\/\/fala.host\/index.php\/wp-json\/wp\/v2\/categories?post=1679"},{"taxonomy":"post_tag","embeddable":true,"href":"https:\/\/fala.host\/index.php\/wp-json\/wp\/v2\/tags?post=1679"}],"curies":[{"name":"wp","href":"https:\/\/api.w.org\/{rel}","templated":true}]}}