{"id":1576,"date":"2023-03-07T10:51:01","date_gmt":"2023-03-07T13:51:01","guid":{"rendered":"https:\/\/fala.host\/?p=1576"},"modified":"2023-03-07T10:51:01","modified_gmt":"2023-03-07T13:51:01","slug":"enquete-na-sua-opiniao-existe-alguma-relacao-entre-a-esquerda-e-o-vandalismo-de-8-de-janeiro-de-2023","status":"publish","type":"post","link":"https:\/\/fala.host\/index.php\/2023\/03\/07\/enquete-na-sua-opiniao-existe-alguma-relacao-entre-a-esquerda-e-o-vandalismo-de-8-de-janeiro-de-2023\/","title":{"rendered":"ENQUETE: Na sua opini\u00e3o existe alguma rela\u00e7\u00e3o entre a esquerda e o vandalismo de 8 de janeiro de 2023?"},"content":{"rendered":"\n<p class=\"has-medium-font-size\">Que o vandalismo de 8 de janeiro de 2023, aquele que v\u00e2ndalos invadiram as casas dos tr\u00eas poderes e destru\u00edram muita coisa, deve ser investigado e os respons\u00e1veis punidos ningu\u00e9m nega, mas algumas pessoas da esquerda est\u00e3o fazendo de tudo para que a CPMI do congresso n\u00e3o seja instalada. Neste sentido o Presidente Bolsonaro alegou ter certeza que a esquerda planejou os ataques. A Equipe do <strong>FALA.HOST<\/strong> quer saber, <strong>na sua opini\u00e3o existe alguma rela\u00e7\u00e3o entre a esquerda e os ataques do 8 de janeiro?<\/strong><\/p>\n\n\n\n","protected":false},"excerpt":{"rendered":"<p>Que o vandalismo de 8 de janeiro de 2023, aquele que v\u00e2ndalos invadiram as casas&#8230;<\/p>\n","protected":false},"author":1,"featured_media":1577,"comment_status":"open","ping_status":"open","sticky":false,"template":"","format":"standard","meta":{"om_disable_all_campaigns":false,"_monsterinsights_skip_tracking":false,"_monsterinsights_sitenote_active":false,"_monsterinsights_sitenote_note":"","_monsterinsights_sitenote_category":0,"footnotes":""},"categories":[1],"tags":[],"aioseo_notices":[],"_links":{"self":[{"href":"https:\/\/fala.host\/index.php\/wp-json\/wp\/v2\/posts\/1576"}],"collection":[{"href":"https:\/\/fala.host\/index.php\/wp-json\/wp\/v2\/posts"}],"about":[{"href":"https:\/\/fala.host\/index.php\/wp-json\/wp\/v2\/types\/post"}],"author":[{"embeddable":true,"href":"https:\/\/fala.host\/index.php\/wp-json\/wp\/v2\/users\/1"}],"replies":[{"embeddable":true,"href":"https:\/\/fala.host\/index.php\/wp-json\/wp\/v2\/comments?post=1576"}],"version-history":[{"count":1,"href":"https:\/\/fala.host\/index.php\/wp-json\/wp\/v2\/posts\/1576\/revisions"}],"predecessor-version":[{"id":1578,"href":"https:\/\/fala.host\/index.php\/wp-json\/wp\/v2\/posts\/1576\/revisions\/1578"}],"wp:featuredmedia":[{"embeddable":true,"href":"https:\/\/fala.host\/index.php\/wp-json\/wp\/v2\/media\/1577"}],"wp:attachment":[{"href":"https:\/\/fala.host\/index.php\/wp-json\/wp\/v2\/media?parent=1576"}],"wp:term":[{"taxonomy":"category","embeddable":true,"href":"https:\/\/fala.host\/index.php\/wp-json\/wp\/v2\/categories?post=1576"},{"taxonomy":"post_tag","embeddable":true,"href":"https:\/\/fala.host\/index.php\/wp-json\/wp\/v2\/tags?post=1576"}],"curies":[{"name":"wp","href":"https:\/\/api.w.org\/{rel}","templated":true}]}}