{"id":1480,"date":"2023-01-11T12:03:42","date_gmt":"2023-01-11T15:03:42","guid":{"rendered":"https:\/\/fala.host\/?p=1480"},"modified":"2023-01-11T12:05:34","modified_gmt":"2023-01-11T15:05:34","slug":"enquete-na-sua-opiniao-se-o-responsavel-pela-seguranca-da-praca-dos-3-poderes-fosse-o-mesmo-das-urnas-a-invasao-ocorreria","status":"publish","type":"post","link":"https:\/\/fala.host\/index.php\/2023\/01\/11\/enquete-na-sua-opiniao-se-o-responsavel-pela-seguranca-da-praca-dos-3-poderes-fosse-o-mesmo-das-urnas-a-invasao-ocorreria\/","title":{"rendered":"ENQUETE: Na sua opini\u00e3o se o respons\u00e1vel pela seguran\u00e7a da pra\u00e7a dos 3 poderes fosse o mesmo das urnas, a invas\u00e3o ocorreria?"},"content":{"rendered":"\n<p class=\"has-medium-font-size\">L\u00f3gico que esta \u00e9 uma enquete c\u00f4mica, mas nos faz pensar. Como as 3 casas mais importantes do Brasil, Pal\u00e1cio do Planalto, Congresso e STF, estavam completamente desprotegidas e de livre acesso aos manifestantes no dia da invas\u00e3o? <a href=\"https:\/\/www.youtube.com\/watch?v=ic085FYAfo0\" target=\"_blank\" rel=\"noopener\">Gustavo Gayer<\/a>, Deputado federal eleito por Goi\u00e1s, nos traz uma informa\u00e7\u00e3o que nos faz pensar. Por isso a Equipe do <strong>FALA.HOST<\/strong> traz esta enquete: Se as urnas s\u00e3o t\u00e3o protegidas, basicamente infal\u00edveis, por que n\u00e3o colocar o mesmo respons\u00e1vel pela seguran\u00e7a como secret\u00e1rio da seguran\u00e7a do Distrito Federal n\u00e9? Responda a enquete abaixo.<\/p>\n\n\n\n<p class=\"has-medium-font-size\">Uma \u00faltima pergunta: Como que no dia 7 de setembro de 2022 as for\u00e7as policiais conseguiram impedir uma multid\u00e3o de acessar as \u00e1reas privadas das 3 casas, mas no domingo dia 08\/01\/2023 n\u00e3o tinha um \u00fanico seguran\u00e7a?<\/p>\n\n\n\n<figure class=\"wp-block-embed is-type-video is-provider-youtube wp-block-embed-youtube wp-embed-aspect-16-9 wp-has-aspect-ratio\"><div class=\"wp-block-embed__wrapper\">\nhttps:\/\/www.youtube.com\/watch?v=ic085FYAfo0\n<\/div><\/figure>\n\n\n\n\n\n\n<h2 class=\"wp-block-heading\">Aproveite e vote tamb\u00e9m nestas enquetes relacionadas<\/h2>\n\n\n\n<figure class=\"wp-block-embed is-type-wp-embed is-provider-fala-host wp-block-embed-fala-host\"><div class=\"wp-block-embed__wrapper\">\n<blockquote class=\"wp-embedded-content\" data-secret=\"7aDkTayzFy\"><a href=\"https:\/\/fala.host\/index.php\/2022\/02\/23\/na-sua-opiniao-alguns-ministros-do-stf-estao-desrespeitando-a-constituicao-federal-qual-ministro-deveria-ser-impeachmado-na-forma-da-lei\/\">Na sua opini\u00e3o alguns Ministros do STF est\u00e3o desrespeitando a Constitui\u00e7\u00e3o Federal? Qual Ministro deveria ser impeachmado na forma da lei?<\/a><\/blockquote><iframe class=\"wp-embedded-content\" sandbox=\"allow-scripts\" security=\"restricted\" style=\"position: absolute; clip: rect(1px, 1px, 1px, 1px);\" title=\"&#8220;Na sua opini\u00e3o alguns Ministros do STF est\u00e3o desrespeitando a Constitui\u00e7\u00e3o Federal? Qual Ministro deveria ser impeachmado na forma da lei?&#8221; &#8212; Fala Host\" src=\"https:\/\/fala.host\/index.php\/2022\/02\/23\/na-sua-opiniao-alguns-ministros-do-stf-estao-desrespeitando-a-constituicao-federal-qual-ministro-deveria-ser-impeachmado-na-forma-da-lei\/embed\/#?secret=jt0Beruk96#?secret=7aDkTayzFy\" data-secret=\"7aDkTayzFy\" width=\"600\" height=\"338\" frameborder=\"0\" marginwidth=\"0\" marginheight=\"0\" scrolling=\"no\"><\/iframe>\n<\/div><\/figure>\n\n\n\n<figure class=\"wp-block-embed is-type-wp-embed is-provider-fala-host wp-block-embed-fala-host\"><div class=\"wp-block-embed__wrapper\">\n<blockquote class=\"wp-embedded-content\" data-secret=\"IszcDus0oK\"><a href=\"https:\/\/fala.host\/index.php\/2021\/07\/29\/voce-confia-na-atual-composicao-do-stf\/\">ENQUETE: Voc\u00ea confia na atual composi\u00e7\u00e3o do STF?<\/a><\/blockquote><iframe class=\"wp-embedded-content\" sandbox=\"allow-scripts\" security=\"restricted\" style=\"position: absolute; clip: rect(1px, 1px, 1px, 1px);\" title=\"&#8220;ENQUETE: Voc\u00ea confia na atual composi\u00e7\u00e3o do STF?&#8221; &#8212; Fala Host\" src=\"https:\/\/fala.host\/index.php\/2021\/07\/29\/voce-confia-na-atual-composicao-do-stf\/embed\/#?secret=yJWkJ2pZ3M#?secret=IszcDus0oK\" data-secret=\"IszcDus0oK\" width=\"600\" height=\"338\" frameborder=\"0\" marginwidth=\"0\" marginheight=\"0\" scrolling=\"no\"><\/iframe>\n<\/div><\/figure>\n","protected":false},"excerpt":{"rendered":"<p>L\u00f3gico que esta \u00e9 uma enquete c\u00f4mica, mas nos faz pensar. Como as 3 casas&#8230;<\/p>\n","protected":false},"author":1,"featured_media":1481,"comment_status":"open","ping_status":"open","sticky":false,"template":"","format":"standard","meta":{"om_disable_all_campaigns":false,"_monsterinsights_skip_tracking":false,"_monsterinsights_sitenote_active":false,"_monsterinsights_sitenote_note":"","_monsterinsights_sitenote_category":0,"footnotes":""},"categories":[1],"tags":[],"aioseo_notices":[],"_links":{"self":[{"href":"https:\/\/fala.host\/index.php\/wp-json\/wp\/v2\/posts\/1480"}],"collection":[{"href":"https:\/\/fala.host\/index.php\/wp-json\/wp\/v2\/posts"}],"about":[{"href":"https:\/\/fala.host\/index.php\/wp-json\/wp\/v2\/types\/post"}],"author":[{"embeddable":true,"href":"https:\/\/fala.host\/index.php\/wp-json\/wp\/v2\/users\/1"}],"replies":[{"embeddable":true,"href":"https:\/\/fala.host\/index.php\/wp-json\/wp\/v2\/comments?post=1480"}],"version-history":[{"count":2,"href":"https:\/\/fala.host\/index.php\/wp-json\/wp\/v2\/posts\/1480\/revisions"}],"predecessor-version":[{"id":1483,"href":"https:\/\/fala.host\/index.php\/wp-json\/wp\/v2\/posts\/1480\/revisions\/1483"}],"wp:featuredmedia":[{"embeddable":true,"href":"https:\/\/fala.host\/index.php\/wp-json\/wp\/v2\/media\/1481"}],"wp:attachment":[{"href":"https:\/\/fala.host\/index.php\/wp-json\/wp\/v2\/media?parent=1480"}],"wp:term":[{"taxonomy":"category","embeddable":true,"href":"https:\/\/fala.host\/index.php\/wp-json\/wp\/v2\/categories?post=1480"},{"taxonomy":"post_tag","embeddable":true,"href":"https:\/\/fala.host\/index.php\/wp-json\/wp\/v2\/tags?post=1480"}],"curies":[{"name":"wp","href":"https:\/\/api.w.org\/{rel}","templated":true}]}}