{"id":1430,"date":"2022-11-29T13:00:52","date_gmt":"2022-11-29T16:00:52","guid":{"rendered":"https:\/\/fala.host\/?p=1430"},"modified":"2022-11-29T13:12:15","modified_gmt":"2022-11-29T16:12:15","slug":"enquete-qual-a-sua-opiniao-sobre-o-retorno-da-covid-anunciado-na-midia-brasileira","status":"publish","type":"post","link":"https:\/\/fala.host\/index.php\/2022\/11\/29\/enquete-qual-a-sua-opiniao-sobre-o-retorno-da-covid-anunciado-na-midia-brasileira\/","title":{"rendered":"ENQUETE: Qual a sua opini\u00e3o sobre o retorno da COVID anunciado na m\u00eddia brasileira?"},"content":{"rendered":"\n<p class=\"has-medium-font-size\">A velha m\u00eddia brasileira tem anunciado que existe um aumento consider\u00e1vel dos casos de <strong>COVID <\/strong>no Brasil. A Equipe do <strong>FALA.HOST<\/strong> quer saber sua opini\u00e3o sobre esse tema: <strong>Qual a sua opini\u00e3o sobre?<\/strong><\/p>\n\n\n\n\n\n\n<h2 class=\"wp-block-heading\">Aproveite e vote nas outras enquetes relacionadas<\/h2>\n\n\n\n<figure class=\"wp-block-embed is-type-wp-embed is-provider-fala-host wp-block-embed-fala-host\"><div class=\"wp-block-embed__wrapper\">\n<blockquote class=\"wp-embedded-content\" data-secret=\"wnOjsGouAP\"><a href=\"https:\/\/fala.host\/index.php\/2021\/12\/16\/voce-concorda-com-a-vacinacao-de-criancas-contra-covid19\/\">Voc\u00ea concorda com a vacina\u00e7\u00e3o de crian\u00e7as contra COVID19?<\/a><\/blockquote><iframe class=\"wp-embedded-content\" sandbox=\"allow-scripts\" security=\"restricted\" style=\"position: absolute; clip: rect(1px, 1px, 1px, 1px);\" title=\"&#8220;Voc\u00ea concorda com a vacina\u00e7\u00e3o de crian\u00e7as contra COVID19?&#8221; &#8212; Fala Host\" src=\"https:\/\/fala.host\/index.php\/2021\/12\/16\/voce-concorda-com-a-vacinacao-de-criancas-contra-covid19\/embed\/#?secret=zP4J2wDji5#?secret=wnOjsGouAP\" data-secret=\"wnOjsGouAP\" width=\"600\" height=\"338\" frameborder=\"0\" marginwidth=\"0\" marginheight=\"0\" scrolling=\"no\"><\/iframe>\n<\/div><\/figure>\n\n\n\n<figure class=\"wp-block-embed is-type-wp-embed is-provider-fala-host wp-block-embed-fala-host\"><div class=\"wp-block-embed__wrapper\">\n<blockquote class=\"wp-embedded-content\" data-secret=\"qLd2D9E16H\"><a href=\"https:\/\/fala.host\/index.php\/2021\/11\/20\/carnacovid-em-plena-pandemia-voce-e-a-favor-da-liberacao-do-carnaval-com-dinheiro-publico\/\">CarnaCOVID: Em plena pandemia, voc\u00ea \u00e9 a favor da libera\u00e7\u00e3o do carnaval? Com dinheiro p\u00fablico?<\/a><\/blockquote><iframe class=\"wp-embedded-content\" sandbox=\"allow-scripts\" security=\"restricted\" style=\"position: absolute; clip: rect(1px, 1px, 1px, 1px);\" title=\"&#8220;CarnaCOVID: Em plena pandemia, voc\u00ea \u00e9 a favor da libera\u00e7\u00e3o do carnaval? Com dinheiro p\u00fablico?&#8221; &#8212; Fala Host\" src=\"https:\/\/fala.host\/index.php\/2021\/11\/20\/carnacovid-em-plena-pandemia-voce-e-a-favor-da-liberacao-do-carnaval-com-dinheiro-publico\/embed\/#?secret=nEL2iStJFk#?secret=qLd2D9E16H\" data-secret=\"qLd2D9E16H\" width=\"600\" height=\"338\" frameborder=\"0\" marginwidth=\"0\" marginheight=\"0\" scrolling=\"no\"><\/iframe>\n<\/div><\/figure>\n\n\n\n<figure class=\"wp-block-embed is-type-wp-embed is-provider-fala-host wp-block-embed-fala-host\"><div class=\"wp-block-embed__wrapper\">\n<blockquote class=\"wp-embedded-content\" data-secret=\"NkrmKe8tth\"><a href=\"https:\/\/fala.host\/index.php\/2022\/08\/25\/enquete-na-sua-cidade-foi-fique-em-casa-se-puder\/\">ENQUETE: Na sua cidade foi &#8220;Fique em casa SE PUDER&#8221;?<\/a><\/blockquote><iframe class=\"wp-embedded-content\" sandbox=\"allow-scripts\" security=\"restricted\" style=\"position: absolute; clip: rect(1px, 1px, 1px, 1px);\" title=\"&#8220;ENQUETE: Na sua cidade foi &#8220;Fique em casa SE PUDER&#8221;?&#8221; &#8212; Fala Host\" src=\"https:\/\/fala.host\/index.php\/2022\/08\/25\/enquete-na-sua-cidade-foi-fique-em-casa-se-puder\/embed\/#?secret=1sMagHkO88#?secret=NkrmKe8tth\" data-secret=\"NkrmKe8tth\" width=\"600\" height=\"338\" frameborder=\"0\" marginwidth=\"0\" marginheight=\"0\" scrolling=\"no\"><\/iframe>\n<\/div><\/figure>\n\n\n\n<figure class=\"wp-block-embed is-type-wp-embed is-provider-fala-host wp-block-embed-fala-host\"><div class=\"wp-block-embed__wrapper\">\n<blockquote class=\"wp-embedded-content\" data-secret=\"6hh3luHjFT\"><a href=\"https:\/\/fala.host\/index.php\/2021\/09\/01\/pl-4998-2020-o-que-voce-acha-da-lei-da-carteira-digital-seria-a-instauracao-do-passaporte-sanitario\/\">PL 4998\/2020 &#8211; O que voc\u00ea acha da lei da carteira digital? Seria a instaura\u00e7\u00e3o do Passaporte Sanit\u00e1rio?<\/a><\/blockquote><iframe class=\"wp-embedded-content\" sandbox=\"allow-scripts\" security=\"restricted\" style=\"position: absolute; clip: rect(1px, 1px, 1px, 1px);\" title=\"&#8220;PL 4998\/2020 &#8211; O que voc\u00ea acha da lei da carteira digital? Seria a instaura\u00e7\u00e3o do Passaporte Sanit\u00e1rio?&#8221; &#8212; Fala Host\" src=\"https:\/\/fala.host\/index.php\/2021\/09\/01\/pl-4998-2020-o-que-voce-acha-da-lei-da-carteira-digital-seria-a-instauracao-do-passaporte-sanitario\/embed\/#?secret=wUFHJJ0jk6#?secret=6hh3luHjFT\" data-secret=\"6hh3luHjFT\" width=\"600\" height=\"338\" frameborder=\"0\" marginwidth=\"0\" marginheight=\"0\" scrolling=\"no\"><\/iframe>\n<\/div><\/figure>\n\n\n\n<figure class=\"wp-block-embed is-type-wp-embed is-provider-fala-host wp-block-embed-fala-host\"><div class=\"wp-block-embed__wrapper\">\n<blockquote class=\"wp-embedded-content\" data-secret=\"oNNB4iWUcU\"><a href=\"https:\/\/fala.host\/index.php\/2021\/08\/10\/voce-acredita-no-tratamento-precoce-contra-o-virus-chines\/\">Voc\u00ea acredita no tratamento precoce contra o v\u00edrus chin\u00eas?<\/a><\/blockquote><iframe class=\"wp-embedded-content\" sandbox=\"allow-scripts\" security=\"restricted\" style=\"position: absolute; clip: rect(1px, 1px, 1px, 1px);\" title=\"&#8220;Voc\u00ea acredita no tratamento precoce contra o v\u00edrus chin\u00eas?&#8221; &#8212; Fala Host\" src=\"https:\/\/fala.host\/index.php\/2021\/08\/10\/voce-acredita-no-tratamento-precoce-contra-o-virus-chines\/embed\/#?secret=GcZOAYIxL6#?secret=oNNB4iWUcU\" data-secret=\"oNNB4iWUcU\" width=\"600\" height=\"338\" frameborder=\"0\" marginwidth=\"0\" marginheight=\"0\" scrolling=\"no\"><\/iframe>\n<\/div><\/figure>\n","protected":false},"excerpt":{"rendered":"<p>A velha m\u00eddia brasileira tem anunciado que existe um aumento consider\u00e1vel dos casos de COVID&#8230;<\/p>\n","protected":false},"author":1,"featured_media":1431,"comment_status":"open","ping_status":"open","sticky":false,"template":"","format":"standard","meta":{"om_disable_all_campaigns":false,"_monsterinsights_skip_tracking":false,"_monsterinsights_sitenote_active":false,"_monsterinsights_sitenote_note":"","_monsterinsights_sitenote_category":0,"footnotes":""},"categories":[1],"tags":[],"aioseo_notices":[],"_links":{"self":[{"href":"https:\/\/fala.host\/index.php\/wp-json\/wp\/v2\/posts\/1430"}],"collection":[{"href":"https:\/\/fala.host\/index.php\/wp-json\/wp\/v2\/posts"}],"about":[{"href":"https:\/\/fala.host\/index.php\/wp-json\/wp\/v2\/types\/post"}],"author":[{"embeddable":true,"href":"https:\/\/fala.host\/index.php\/wp-json\/wp\/v2\/users\/1"}],"replies":[{"embeddable":true,"href":"https:\/\/fala.host\/index.php\/wp-json\/wp\/v2\/comments?post=1430"}],"version-history":[{"count":3,"href":"https:\/\/fala.host\/index.php\/wp-json\/wp\/v2\/posts\/1430\/revisions"}],"predecessor-version":[{"id":1435,"href":"https:\/\/fala.host\/index.php\/wp-json\/wp\/v2\/posts\/1430\/revisions\/1435"}],"wp:featuredmedia":[{"embeddable":true,"href":"https:\/\/fala.host\/index.php\/wp-json\/wp\/v2\/media\/1431"}],"wp:attachment":[{"href":"https:\/\/fala.host\/index.php\/wp-json\/wp\/v2\/media?parent=1430"}],"wp:term":[{"taxonomy":"category","embeddable":true,"href":"https:\/\/fala.host\/index.php\/wp-json\/wp\/v2\/categories?post=1430"},{"taxonomy":"post_tag","embeddable":true,"href":"https:\/\/fala.host\/index.php\/wp-json\/wp\/v2\/tags?post=1430"}],"curies":[{"name":"wp","href":"https:\/\/api.w.org\/{rel}","templated":true}]}}