{"id":1396,"date":"2022-11-12T13:55:22","date_gmt":"2022-11-12T16:55:22","guid":{"rendered":"https:\/\/fala.host\/?p=1396"},"modified":"2022-11-12T13:55:24","modified_gmt":"2022-11-12T16:55:24","slug":"15nov22-brasilia-voce-participara-das-manifestacoes-em-brasilia","status":"publish","type":"post","link":"https:\/\/fala.host\/index.php\/2022\/11\/12\/15nov22-brasilia-voce-participara-das-manifestacoes-em-brasilia\/","title":{"rendered":"15NOV22 BRASILIA: Voc\u00ea participar\u00e1 das manifesta\u00e7\u00f5es em Bras\u00edlia?"},"content":{"rendered":"\n<p class=\"has-medium-font-size\">Muitas pessoas que est\u00e3o participando das in\u00fameras manifesta\u00e7\u00f5es pac\u00edficas e ordeiras, que est\u00e3o concentrados em frente aos quarteis generais (QG) das For\u00e7as Armadas de todo Brasil, est\u00e3o comentando e partindo para Bras\u00edlia para participar da maior manifesta\u00e7\u00e3o prometida para dia 15\/11\/22. A Equipe do <strong>FALA.HOST<\/strong> quer saber a sua opini\u00e3o: <strong>Voc\u00ea vai pra Bras\u00edlia na manifesta\u00e7\u00e3o do dia 15NOV22?<\/strong><\/p>\n\n\n\n\n\n\n<h2 class=\"wp-block-heading\">Aproveite e vote nestas enquetes tamb\u00e9m<\/h2>\n\n\n\n<figure class=\"wp-block-embed is-type-wp-embed is-provider-fala-host wp-block-embed-fala-host\"><div class=\"wp-block-embed__wrapper\">\n<blockquote class=\"wp-embedded-content\" data-secret=\"5oC359jtlz\"><a href=\"https:\/\/fala.host\/index.php\/2022\/11\/11\/voce-e-a-favor-das-manifestacoes-que-estao-ocorrendo-em-todo-brasil\/\">Voc\u00ea \u00e9 a favor das manifesta\u00e7\u00f5es que est\u00e3o ocorrendo em todo Brasil?<\/a><\/blockquote><iframe class=\"wp-embedded-content\" sandbox=\"allow-scripts\" security=\"restricted\" style=\"position: absolute; clip: rect(1px, 1px, 1px, 1px);\" title=\"&#8220;Voc\u00ea \u00e9 a favor das manifesta\u00e7\u00f5es que est\u00e3o ocorrendo em todo Brasil?&#8221; &#8212; Fala Host\" src=\"https:\/\/fala.host\/index.php\/2022\/11\/11\/voce-e-a-favor-das-manifestacoes-que-estao-ocorrendo-em-todo-brasil\/embed\/#?secret=auN21F1xXi#?secret=5oC359jtlz\" data-secret=\"5oC359jtlz\" width=\"600\" height=\"338\" frameborder=\"0\" marginwidth=\"0\" marginheight=\"0\" scrolling=\"no\"><\/iframe>\n<\/div><\/figure>\n","protected":false},"excerpt":{"rendered":"<p>Muitas pessoas que est\u00e3o participando das in\u00fameras manifesta\u00e7\u00f5es pac\u00edficas e ordeiras, que est\u00e3o concentrados em&#8230;<\/p>\n","protected":false},"author":1,"featured_media":1397,"comment_status":"open","ping_status":"open","sticky":false,"template":"","format":"standard","meta":{"om_disable_all_campaigns":false,"_monsterinsights_skip_tracking":false,"_monsterinsights_sitenote_active":false,"_monsterinsights_sitenote_note":"","_monsterinsights_sitenote_category":0,"footnotes":""},"categories":[1],"tags":[],"aioseo_notices":[],"_links":{"self":[{"href":"https:\/\/fala.host\/index.php\/wp-json\/wp\/v2\/posts\/1396"}],"collection":[{"href":"https:\/\/fala.host\/index.php\/wp-json\/wp\/v2\/posts"}],"about":[{"href":"https:\/\/fala.host\/index.php\/wp-json\/wp\/v2\/types\/post"}],"author":[{"embeddable":true,"href":"https:\/\/fala.host\/index.php\/wp-json\/wp\/v2\/users\/1"}],"replies":[{"embeddable":true,"href":"https:\/\/fala.host\/index.php\/wp-json\/wp\/v2\/comments?post=1396"}],"version-history":[{"count":1,"href":"https:\/\/fala.host\/index.php\/wp-json\/wp\/v2\/posts\/1396\/revisions"}],"predecessor-version":[{"id":1398,"href":"https:\/\/fala.host\/index.php\/wp-json\/wp\/v2\/posts\/1396\/revisions\/1398"}],"wp:featuredmedia":[{"embeddable":true,"href":"https:\/\/fala.host\/index.php\/wp-json\/wp\/v2\/media\/1397"}],"wp:attachment":[{"href":"https:\/\/fala.host\/index.php\/wp-json\/wp\/v2\/media?parent=1396"}],"wp:term":[{"taxonomy":"category","embeddable":true,"href":"https:\/\/fala.host\/index.php\/wp-json\/wp\/v2\/categories?post=1396"},{"taxonomy":"post_tag","embeddable":true,"href":"https:\/\/fala.host\/index.php\/wp-json\/wp\/v2\/tags?post=1396"}],"curies":[{"name":"wp","href":"https:\/\/api.w.org\/{rel}","templated":true}]}}