{"id":1375,"date":"2022-10-13T23:27:01","date_gmt":"2022-10-14T02:27:01","guid":{"rendered":"https:\/\/fala.host\/?p=1375"},"modified":"2022-10-13T23:27:03","modified_gmt":"2022-10-14T02:27:03","slug":"idoso-eleicoes-campanha-conduza-o-idoso-a-frente-da-fila-faca-valer-a-lei","status":"publish","type":"post","link":"https:\/\/fala.host\/index.php\/2022\/10\/13\/idoso-eleicoes-campanha-conduza-o-idoso-a-frente-da-fila-faca-valer-a-lei\/","title":{"rendered":"IDOSO ELEI\u00c7\u00d5ES: Campanha conduza o idoso \u00e0 frente da fila, fa\u00e7a valer a lei"},"content":{"rendered":"\n<p class=\"has-medium-font-size\">Como foi poss\u00edvel observar no primeiro turno das elei\u00e7\u00f5es de 2022, houve um aumento expressivo nas filas em v\u00e1rias zonas e se\u00e7\u00f5es pelo Brasil. O fato \u00e9 que para o idoso, com suas v\u00e1rias enfermidades, esperar na fila passa a ser uma tortura, o que pode causar abandono por insuportabilidade. <\/p>\n\n\n\n<p class=\"has-medium-font-size\">Para resolver esse problema o <strong>FALA.HOST<\/strong> est\u00e1 lan\u00e7ando a campanha: <\/p>\n\n\n\n<p class=\"has-text-align-center has-white-color has-vivid-red-background-color has-text-color has-background has-large-font-size\"><span class=\"has-inline-color has-white-color\"><strong>CONDUZA OS IDOSOS \u00c0 FRENTE DA FILA, FA\u00c7A VALER A LEI<\/strong>.<\/span><\/p>\n\n\n\n<h2 class=\"wp-block-heading\">QUEM POSSUI DIREITO \u00c0 PRIORIDADE NO ATENDIMENTO DA FILA?<\/h2>\n\n\n\n<p class=\"has-medium-font-size\">N\u00e3o s\u00e3o somente os idosos que possuem o direito de serem atendidos prioritariamente, temos tamb\u00e9m:<\/p>\n\n\n\n<ul class=\"has-medium-font-size\"><li>Pessoas com defici\u00eancia;<\/li><li>Gestantes;<\/li><li>Lactantes;<\/li><li>Pessoas com crian\u00e7as de colo;<\/li><li>Os obesos.<\/li><\/ul>\n\n\n\n<p class=\"has-medium-font-size\">Veja o artigo primeiro da <a href=\"http:\/\/legislacao.planalto.gov.br\/legisla\/legislacao.nsf\/Viw_Identificacao\/lei%2010.048-2000?OpenDocument\" target=\"_blank\" rel=\"noopener\"><small><strong>LEI N<sup>o<\/sup>\u00a010.048, DE 8 DE NOVEMBRO DE 2000.<\/strong><\/small><\/a><\/p>\n\n\n\n<blockquote class=\"wp-block-quote is-layout-flow wp-block-quote-is-layout-flow\"><p>Art. 1<sup><u>o<\/u><\/sup>\u00a0\u00a0As pessoas com defici\u00eancia, os idosos com idade igual ou superior a 60 (sessenta) anos, as gestantes, as lactantes, as pessoas com crian\u00e7as de colo e os obesos ter\u00e3o atendimento priorit\u00e1rio, nos termos desta Lei.\u00a0\u00a0\u00a0<a href=\"http:\/\/www.planalto.gov.br\/ccivil_03\/_Ato2015-2018\/2015\/Lei\/L13146.htm#art111\">(Reda\u00e7\u00e3o dada pela Lei n\u00ba 13.146, de 2015)<\/a>\u00a0\u00a0\u00a0\u00a0\u00a0<a href=\"http:\/\/www.planalto.gov.br\/ccivil_03\/_Ato2015-2018\/2015\/Lei\/L13146.htm#art127\">(Vig\u00eancia)<\/a><\/p><cite><a href=\"http:\/\/legislacao.planalto.gov.br\/legisla\/legislacao.nsf\/Viw_Identificacao\/lei%2010.048-2000?OpenDocument\" target=\"_blank\" rel=\"noreferrer noopener\"><small><strong>LEI N<sup>o<\/sup>\u00a010.048, DE 8 DE NOVEMBRO DE 2000.<\/strong><\/small><\/a><\/cite><\/blockquote>\n\n\n\n<p class=\"has-medium-font-size\">Se voc\u00ea estiver na fila e ver uma dessas pessoas pegando o final da fila n\u00e3o espere, converse com o mesmo e o conduza \u00e0 frente da fila. Pe\u00e7a para algu\u00e9m guardar o seu lugar e o conduza ao primeiro lugar da fila, voc\u00ea far\u00e1 um Brasil muito melhor com esse ato.<\/p>\n\n\n\n<p class=\"has-text-align-center has-white-color has-vivid-green-cyan-background-color has-text-color has-background has-medium-font-size\"><strong>Fa\u00e7a um Brasil melhor para todos<\/strong><\/p>\n","protected":false},"excerpt":{"rendered":"<p>Como foi poss\u00edvel observar no primeiro turno das elei\u00e7\u00f5es de 2022, houve um aumento expressivo&#8230;<\/p>\n","protected":false},"author":1,"featured_media":1376,"comment_status":"open","ping_status":"open","sticky":false,"template":"","format":"standard","meta":{"om_disable_all_campaigns":false,"_monsterinsights_skip_tracking":false,"_monsterinsights_sitenote_active":false,"_monsterinsights_sitenote_note":"","_monsterinsights_sitenote_category":0,"footnotes":""},"categories":[1],"tags":[],"aioseo_notices":[],"_links":{"self":[{"href":"https:\/\/fala.host\/index.php\/wp-json\/wp\/v2\/posts\/1375"}],"collection":[{"href":"https:\/\/fala.host\/index.php\/wp-json\/wp\/v2\/posts"}],"about":[{"href":"https:\/\/fala.host\/index.php\/wp-json\/wp\/v2\/types\/post"}],"author":[{"embeddable":true,"href":"https:\/\/fala.host\/index.php\/wp-json\/wp\/v2\/users\/1"}],"replies":[{"embeddable":true,"href":"https:\/\/fala.host\/index.php\/wp-json\/wp\/v2\/comments?post=1375"}],"version-history":[{"count":1,"href":"https:\/\/fala.host\/index.php\/wp-json\/wp\/v2\/posts\/1375\/revisions"}],"predecessor-version":[{"id":1377,"href":"https:\/\/fala.host\/index.php\/wp-json\/wp\/v2\/posts\/1375\/revisions\/1377"}],"wp:featuredmedia":[{"embeddable":true,"href":"https:\/\/fala.host\/index.php\/wp-json\/wp\/v2\/media\/1376"}],"wp:attachment":[{"href":"https:\/\/fala.host\/index.php\/wp-json\/wp\/v2\/media?parent=1375"}],"wp:term":[{"taxonomy":"category","embeddable":true,"href":"https:\/\/fala.host\/index.php\/wp-json\/wp\/v2\/categories?post=1375"},{"taxonomy":"post_tag","embeddable":true,"href":"https:\/\/fala.host\/index.php\/wp-json\/wp\/v2\/tags?post=1375"}],"curies":[{"name":"wp","href":"https:\/\/api.w.org\/{rel}","templated":true}]}}