{"id":1286,"date":"2022-08-25T10:03:45","date_gmt":"2022-08-25T13:03:45","guid":{"rendered":"https:\/\/fala.host\/?p=1286"},"modified":"2022-08-25T10:03:47","modified_gmt":"2022-08-25T13:03:47","slug":"enquete-na-sua-cidade-foi-fique-em-casa-se-puder","status":"publish","type":"post","link":"https:\/\/fala.host\/index.php\/2022\/08\/25\/enquete-na-sua-cidade-foi-fique-em-casa-se-puder\/","title":{"rendered":"ENQUETE: Na sua cidade foi &#8220;Fique em casa SE PUDER&#8221;?"},"content":{"rendered":"\n<p class=\"has-medium-font-size\">Uma emissora conhecida, em uma entrevista muito falada, contradisse o entrevistado afirmando que as m\u00eddias defenderam o <strong><span class=\"has-inline-color has-vivid-red-color\">FIQUE EM CASA SE PUDER<\/span><\/strong>. A Equipe do <strong>FALA.HOST <\/strong>quer saber a sua vis\u00e3o sobre esse tema. Na sua cidade o<span class=\"has-inline-color has-vivid-red-color\"> <strong>FIQUE EM CASA<\/strong><\/span> foi realmente <strong><span class=\"has-inline-color has-vivid-green-cyan-color\">SE PUDER<\/span><\/strong> ou foi <strong><span class=\"has-inline-color has-vivid-purple-color\">SEN\u00c3O TE PRENDO<\/span><\/strong>?<\/p>\n\n\n\n<h2 class=\"wp-block-heading\">Segue abaixo a enquete<\/h2>\n\n\n\n\n\n\n<h2 class=\"wp-block-heading\">Aproveite e vote nessas outras enquetes<\/h2>\n\n\n\n<figure class=\"wp-block-embed is-type-wp-embed is-provider-fala-host wp-block-embed-fala-host\"><div class=\"wp-block-embed__wrapper\">\n<blockquote class=\"wp-embedded-content\" data-secret=\"RoMa2nRajr\"><a href=\"https:\/\/fala.host\/index.php\/2022\/01\/12\/voce-e-a-favor-ou-contra-lockdown\/\">Voc\u00ea \u00e9 a favor ou contra LOCKDOWN?<\/a><\/blockquote><iframe class=\"wp-embedded-content\" sandbox=\"allow-scripts\" security=\"restricted\" style=\"position: absolute; clip: rect(1px, 1px, 1px, 1px);\" title=\"&#8220;Voc\u00ea \u00e9 a favor ou contra LOCKDOWN?&#8221; &#8212; Fala Host\" src=\"https:\/\/fala.host\/index.php\/2022\/01\/12\/voce-e-a-favor-ou-contra-lockdown\/embed\/#?secret=6OOATY5PfM#?secret=RoMa2nRajr\" data-secret=\"RoMa2nRajr\" width=\"600\" height=\"338\" frameborder=\"0\" marginwidth=\"0\" marginheight=\"0\" scrolling=\"no\"><\/iframe>\n<\/div><\/figure>\n\n\n\n<figure class=\"wp-block-embed is-type-wp-embed is-provider-fala-host wp-block-embed-fala-host\"><div class=\"wp-block-embed__wrapper\">\n<blockquote class=\"wp-embedded-content\" data-secret=\"YWdMyNBy97\"><a href=\"https:\/\/fala.host\/index.php\/2021\/11\/20\/carnacovid-em-plena-pandemia-voce-e-a-favor-da-liberacao-do-carnaval-com-dinheiro-publico\/\">CarnaCOVID: Em plena pandemia, voc\u00ea \u00e9 a favor da libera\u00e7\u00e3o do carnaval? Com dinheiro p\u00fablico?<\/a><\/blockquote><iframe class=\"wp-embedded-content\" sandbox=\"allow-scripts\" security=\"restricted\" style=\"position: absolute; clip: rect(1px, 1px, 1px, 1px);\" title=\"&#8220;CarnaCOVID: Em plena pandemia, voc\u00ea \u00e9 a favor da libera\u00e7\u00e3o do carnaval? Com dinheiro p\u00fablico?&#8221; &#8212; Fala Host\" src=\"https:\/\/fala.host\/index.php\/2021\/11\/20\/carnacovid-em-plena-pandemia-voce-e-a-favor-da-liberacao-do-carnaval-com-dinheiro-publico\/embed\/#?secret=nI0UigP3k0#?secret=YWdMyNBy97\" data-secret=\"YWdMyNBy97\" width=\"600\" height=\"338\" frameborder=\"0\" marginwidth=\"0\" marginheight=\"0\" scrolling=\"no\"><\/iframe>\n<\/div><\/figure>\n","protected":false},"excerpt":{"rendered":"<p>Uma emissora conhecida, em uma entrevista muito falada, contradisse o entrevistado afirmando que as m\u00eddias&#8230;<\/p>\n","protected":false},"author":1,"featured_media":1287,"comment_status":"open","ping_status":"open","sticky":false,"template":"","format":"standard","meta":{"om_disable_all_campaigns":false,"_monsterinsights_skip_tracking":false,"_monsterinsights_sitenote_active":false,"_monsterinsights_sitenote_note":"","_monsterinsights_sitenote_category":0,"footnotes":""},"categories":[128,29,27,13,18,20,129,1,26,28],"tags":[],"aioseo_notices":[],"_links":{"self":[{"href":"https:\/\/fala.host\/index.php\/wp-json\/wp\/v2\/posts\/1286"}],"collection":[{"href":"https:\/\/fala.host\/index.php\/wp-json\/wp\/v2\/posts"}],"about":[{"href":"https:\/\/fala.host\/index.php\/wp-json\/wp\/v2\/types\/post"}],"author":[{"embeddable":true,"href":"https:\/\/fala.host\/index.php\/wp-json\/wp\/v2\/users\/1"}],"replies":[{"embeddable":true,"href":"https:\/\/fala.host\/index.php\/wp-json\/wp\/v2\/comments?post=1286"}],"version-history":[{"count":2,"href":"https:\/\/fala.host\/index.php\/wp-json\/wp\/v2\/posts\/1286\/revisions"}],"predecessor-version":[{"id":1291,"href":"https:\/\/fala.host\/index.php\/wp-json\/wp\/v2\/posts\/1286\/revisions\/1291"}],"wp:featuredmedia":[{"embeddable":true,"href":"https:\/\/fala.host\/index.php\/wp-json\/wp\/v2\/media\/1287"}],"wp:attachment":[{"href":"https:\/\/fala.host\/index.php\/wp-json\/wp\/v2\/media?parent=1286"}],"wp:term":[{"taxonomy":"category","embeddable":true,"href":"https:\/\/fala.host\/index.php\/wp-json\/wp\/v2\/categories?post=1286"},{"taxonomy":"post_tag","embeddable":true,"href":"https:\/\/fala.host\/index.php\/wp-json\/wp\/v2\/tags?post=1286"}],"curies":[{"name":"wp","href":"https:\/\/api.w.org\/{rel}","templated":true}]}}