{"id":1273,"date":"2022-08-20T12:02:25","date_gmt":"2022-08-20T15:02:25","guid":{"rendered":"https:\/\/fala.host\/?p=1273"},"modified":"2022-08-20T12:03:41","modified_gmt":"2022-08-20T15:03:41","slug":"enquete-qual-a-sua-opiniao-sobre-o-mst","status":"publish","type":"post","link":"https:\/\/fala.host\/index.php\/2022\/08\/20\/enquete-qual-a-sua-opiniao-sobre-o-mst\/","title":{"rendered":"ENQUETE: Qual a sua opini\u00e3o sobre o MST?"},"content":{"rendered":"\n<p class=\"has-medium-font-size\">Afirmando defender os direitos da popula\u00e7\u00e3o \u00e0 posse de terras, o Movimento dos Sem Terra invade fazendas, desapropria terras e divide lotes para cada fam\u00edlia invasora. Para seus l\u00edderes esse \u00e9 o melhor jeito de se aplicar a t\u00e3o sonhada reforma agr\u00e1ria de forma for\u00e7ada. A Equipe do <strong>FALA.HOST<\/strong> quer saber qual o seu pensamento sobre esse movimento e seus modos de opera\u00e7\u00e3o: <strong>Qual a sua opini\u00e3o sobre o Movimento dos Sem Terra<\/strong>?<\/p>\n\n\n\n<h2 class=\"wp-block-heading\">Segue abaixo a enquete<\/h2>\n\n\n\n\n\n\n<h2 class=\"wp-block-heading\">Aproveite e vote nessas outras enquetes<\/h2>\n\n\n\n<figure class=\"wp-block-embed is-type-wp-embed is-provider-fala-host wp-block-embed-fala-host\"><div class=\"wp-block-embed__wrapper\">\n<blockquote class=\"wp-embedded-content\" data-secret=\"fMCQH5aC1O\"><a href=\"https:\/\/fala.host\/index.php\/2021\/07\/28\/qual-a-sua-opiniao-sobre-lula\/\">Qual a sua opini\u00e3o sobre Lula?<\/a><\/blockquote><iframe class=\"wp-embedded-content\" sandbox=\"allow-scripts\" security=\"restricted\" style=\"position: absolute; clip: rect(1px, 1px, 1px, 1px);\" title=\"&#8220;Qual a sua opini\u00e3o sobre Lula?&#8221; &#8212; Fala Host\" src=\"https:\/\/fala.host\/index.php\/2021\/07\/28\/qual-a-sua-opiniao-sobre-lula\/embed\/#?secret=7apVrYRQHT#?secret=fMCQH5aC1O\" data-secret=\"fMCQH5aC1O\" width=\"600\" height=\"338\" frameborder=\"0\" marginwidth=\"0\" marginheight=\"0\" scrolling=\"no\"><\/iframe>\n<\/div><\/figure>\n\n\n\n<figure class=\"wp-block-embed is-type-wp-embed is-provider-fala-host wp-block-embed-fala-host\"><div class=\"wp-block-embed__wrapper\">\n<blockquote class=\"wp-embedded-content\" data-secret=\"AYIIWUDCkt\"><a href=\"https:\/\/fala.host\/index.php\/2022\/07\/03\/enquete-vc-acreditar-haver-uma-ligacao-entre-pt-e-pcc\/\">ENQUETE: Vc acreditar haver uma liga\u00e7\u00e3o entre PT e PCC?<\/a><\/blockquote><iframe class=\"wp-embedded-content\" sandbox=\"allow-scripts\" security=\"restricted\" style=\"position: absolute; clip: rect(1px, 1px, 1px, 1px);\" title=\"&#8220;ENQUETE: Vc acreditar haver uma liga\u00e7\u00e3o entre PT e PCC?&#8221; &#8212; Fala Host\" src=\"https:\/\/fala.host\/index.php\/2022\/07\/03\/enquete-vc-acreditar-haver-uma-ligacao-entre-pt-e-pcc\/embed\/#?secret=wqC2YdKDV3#?secret=AYIIWUDCkt\" data-secret=\"AYIIWUDCkt\" width=\"600\" height=\"338\" frameborder=\"0\" marginwidth=\"0\" marginheight=\"0\" scrolling=\"no\"><\/iframe>\n<\/div><\/figure>\n","protected":false},"excerpt":{"rendered":"<p>Afirmando defender os direitos da popula\u00e7\u00e3o \u00e0 posse de terras, o Movimento dos Sem Terra&#8230;<\/p>\n","protected":false},"author":1,"featured_media":1274,"comment_status":"open","ping_status":"open","sticky":false,"template":"","format":"standard","meta":{"om_disable_all_campaigns":false,"_monsterinsights_skip_tracking":false,"_monsterinsights_sitenote_active":false,"_monsterinsights_sitenote_note":"","_monsterinsights_sitenote_category":0,"footnotes":""},"categories":[108,109,18,69,30,88,68,19,16,144,63,41,59,54,57,1],"tags":[],"aioseo_notices":[],"_links":{"self":[{"href":"https:\/\/fala.host\/index.php\/wp-json\/wp\/v2\/posts\/1273"}],"collection":[{"href":"https:\/\/fala.host\/index.php\/wp-json\/wp\/v2\/posts"}],"about":[{"href":"https:\/\/fala.host\/index.php\/wp-json\/wp\/v2\/types\/post"}],"author":[{"embeddable":true,"href":"https:\/\/fala.host\/index.php\/wp-json\/wp\/v2\/users\/1"}],"replies":[{"embeddable":true,"href":"https:\/\/fala.host\/index.php\/wp-json\/wp\/v2\/comments?post=1273"}],"version-history":[{"count":4,"href":"https:\/\/fala.host\/index.php\/wp-json\/wp\/v2\/posts\/1273\/revisions"}],"predecessor-version":[{"id":1283,"href":"https:\/\/fala.host\/index.php\/wp-json\/wp\/v2\/posts\/1273\/revisions\/1283"}],"wp:featuredmedia":[{"embeddable":true,"href":"https:\/\/fala.host\/index.php\/wp-json\/wp\/v2\/media\/1274"}],"wp:attachment":[{"href":"https:\/\/fala.host\/index.php\/wp-json\/wp\/v2\/media?parent=1273"}],"wp:term":[{"taxonomy":"category","embeddable":true,"href":"https:\/\/fala.host\/index.php\/wp-json\/wp\/v2\/categories?post=1273"},{"taxonomy":"post_tag","embeddable":true,"href":"https:\/\/fala.host\/index.php\/wp-json\/wp\/v2\/tags?post=1273"}],"curies":[{"name":"wp","href":"https:\/\/api.w.org\/{rel}","templated":true}]}}