{"id":1266,"date":"2022-08-15T17:20:55","date_gmt":"2022-08-15T20:20:55","guid":{"rendered":"https:\/\/fala.host\/?p=1266"},"modified":"2022-08-15T17:21:00","modified_gmt":"2022-08-15T20:21:00","slug":"enquete-qual-sua-opiniao-sobre-o-stf-decidir-o-seu-proprio-aumento-salarial","status":"publish","type":"post","link":"https:\/\/fala.host\/index.php\/2022\/08\/15\/enquete-qual-sua-opiniao-sobre-o-stf-decidir-o-seu-proprio-aumento-salarial\/","title":{"rendered":"ENQUETE: Qual sua opini\u00e3o sobre o STF decidir o seu pr\u00f3prio aumento salarial?"},"content":{"rendered":"\n<p class=\"has-medium-font-size\">Todos estamos acompanhando o STF (Supremo Tribunal Federal) decidindo aumentar o pr\u00f3prio sal\u00e1rio. Muito se fala na internet ser um absurdo, pois em que lugar do mundo e em qual setor o funcion\u00e1rio decide pelo seu pr\u00f3prio aumento? Noutra ponta existem os que ap\u00f3iam tal decis\u00e3o. Ent\u00e3o a Equipe do <strong>FALA.HOST<\/strong> quer saber a sua opini\u00e3o: O que voc\u00ea acha do STF decidir o pr\u00f3prio aumento salarial?<\/p>\n\n\n\n<h2 class=\"wp-block-heading\">Segue abaixo a enquete<\/h2>\n\n\n\n\n\n\n<h2 class=\"wp-block-heading\">Aproveite e vote nessas outras enquetes<\/h2>\n\n\n\n<figure class=\"wp-block-embed is-type-wp-embed is-provider-fala-host wp-block-embed-fala-host\"><div class=\"wp-block-embed__wrapper\">\n<blockquote class=\"wp-embedded-content\" data-secret=\"V229nVN6TH\"><a href=\"https:\/\/fala.host\/index.php\/2022\/03\/25\/voce-e-a-favor-da-pec-da-destituicao-imediata-e-eleicao-direta-para-ministros-do-stf\/\">Voc\u00ea \u00e9 a favor da PEC da destitui\u00e7\u00e3o imediata e elei\u00e7\u00e3o direta para Ministros do STF?<\/a><\/blockquote><iframe class=\"wp-embedded-content\" sandbox=\"allow-scripts\" security=\"restricted\" style=\"position: absolute; clip: rect(1px, 1px, 1px, 1px);\" title=\"&#8220;Voc\u00ea \u00e9 a favor da PEC da destitui\u00e7\u00e3o imediata e elei\u00e7\u00e3o direta para Ministros do STF?&#8221; &#8212; Fala Host\" src=\"https:\/\/fala.host\/index.php\/2022\/03\/25\/voce-e-a-favor-da-pec-da-destituicao-imediata-e-eleicao-direta-para-ministros-do-stf\/embed\/#?secret=MI1N5KTWpB#?secret=V229nVN6TH\" data-secret=\"V229nVN6TH\" width=\"600\" height=\"338\" frameborder=\"0\" marginwidth=\"0\" marginheight=\"0\" scrolling=\"no\"><\/iframe>\n<\/div><\/figure>\n\n\n\n<figure class=\"wp-block-embed is-type-wp-embed is-provider-fala-host wp-block-embed-fala-host\"><div class=\"wp-block-embed__wrapper\">\n<blockquote class=\"wp-embedded-content\" data-secret=\"8X5BVIgNrc\"><a href=\"https:\/\/fala.host\/index.php\/2022\/02\/23\/na-sua-opiniao-alguns-ministros-do-stf-estao-desrespeitando-a-constituicao-federal-qual-ministro-deveria-ser-impeachmado-na-forma-da-lei\/\">Na sua opini\u00e3o alguns Ministros do STF est\u00e3o desrespeitando a Constitui\u00e7\u00e3o Federal? Qual Ministro deveria ser impeachmado na forma da lei?<\/a><\/blockquote><iframe class=\"wp-embedded-content\" sandbox=\"allow-scripts\" security=\"restricted\" style=\"position: absolute; clip: rect(1px, 1px, 1px, 1px);\" title=\"&#8220;Na sua opini\u00e3o alguns Ministros do STF est\u00e3o desrespeitando a Constitui\u00e7\u00e3o Federal? Qual Ministro deveria ser impeachmado na forma da lei?&#8221; &#8212; Fala Host\" src=\"https:\/\/fala.host\/index.php\/2022\/02\/23\/na-sua-opiniao-alguns-ministros-do-stf-estao-desrespeitando-a-constituicao-federal-qual-ministro-deveria-ser-impeachmado-na-forma-da-lei\/embed\/#?secret=H8LA4A6UNr#?secret=8X5BVIgNrc\" data-secret=\"8X5BVIgNrc\" width=\"600\" height=\"338\" frameborder=\"0\" marginwidth=\"0\" marginheight=\"0\" scrolling=\"no\"><\/iframe>\n<\/div><\/figure>\n\n\n\n<figure class=\"wp-block-embed is-type-wp-embed is-provider-fala-host wp-block-embed-fala-host\"><div class=\"wp-block-embed__wrapper\">\n<blockquote class=\"wp-embedded-content\" data-secret=\"eGvs6NRfLm\"><a href=\"https:\/\/fala.host\/index.php\/2021\/07\/29\/voce-confia-na-atual-composicao-do-stf\/\">ENQUETE: Voc\u00ea confia na atual composi\u00e7\u00e3o do STF?<\/a><\/blockquote><iframe class=\"wp-embedded-content\" sandbox=\"allow-scripts\" security=\"restricted\" style=\"position: absolute; clip: rect(1px, 1px, 1px, 1px);\" title=\"&#8220;ENQUETE: Voc\u00ea confia na atual composi\u00e7\u00e3o do STF?&#8221; &#8212; Fala Host\" src=\"https:\/\/fala.host\/index.php\/2021\/07\/29\/voce-confia-na-atual-composicao-do-stf\/embed\/#?secret=EmgK58i7DX#?secret=eGvs6NRfLm\" data-secret=\"eGvs6NRfLm\" width=\"600\" height=\"338\" frameborder=\"0\" marginwidth=\"0\" marginheight=\"0\" scrolling=\"no\"><\/iframe>\n<\/div><\/figure>\n\n\n\n<p><\/p>\n","protected":false},"excerpt":{"rendered":"<p>Todos estamos acompanhando o STF (Supremo Tribunal Federal) decidindo aumentar o pr\u00f3prio sal\u00e1rio. Muito se&#8230;<\/p>\n","protected":false},"author":1,"featured_media":1270,"comment_status":"open","ping_status":"open","sticky":false,"template":"","format":"standard","meta":{"om_disable_all_campaigns":false,"_monsterinsights_skip_tracking":false,"_monsterinsights_sitenote_active":false,"_monsterinsights_sitenote_note":"","_monsterinsights_sitenote_category":0,"footnotes":""},"categories":[18,20,14,1],"tags":[],"aioseo_notices":[],"_links":{"self":[{"href":"https:\/\/fala.host\/index.php\/wp-json\/wp\/v2\/posts\/1266"}],"collection":[{"href":"https:\/\/fala.host\/index.php\/wp-json\/wp\/v2\/posts"}],"about":[{"href":"https:\/\/fala.host\/index.php\/wp-json\/wp\/v2\/types\/post"}],"author":[{"embeddable":true,"href":"https:\/\/fala.host\/index.php\/wp-json\/wp\/v2\/users\/1"}],"replies":[{"embeddable":true,"href":"https:\/\/fala.host\/index.php\/wp-json\/wp\/v2\/comments?post=1266"}],"version-history":[{"count":3,"href":"https:\/\/fala.host\/index.php\/wp-json\/wp\/v2\/posts\/1266\/revisions"}],"predecessor-version":[{"id":1275,"href":"https:\/\/fala.host\/index.php\/wp-json\/wp\/v2\/posts\/1266\/revisions\/1275"}],"wp:featuredmedia":[{"embeddable":true,"href":"https:\/\/fala.host\/index.php\/wp-json\/wp\/v2\/media\/1270"}],"wp:attachment":[{"href":"https:\/\/fala.host\/index.php\/wp-json\/wp\/v2\/media?parent=1266"}],"wp:term":[{"taxonomy":"category","embeddable":true,"href":"https:\/\/fala.host\/index.php\/wp-json\/wp\/v2\/categories?post=1266"},{"taxonomy":"post_tag","embeddable":true,"href":"https:\/\/fala.host\/index.php\/wp-json\/wp\/v2\/tags?post=1266"}],"curies":[{"name":"wp","href":"https:\/\/api.w.org\/{rel}","templated":true}]}}