{"id":1259,"date":"2022-08-14T19:50:10","date_gmt":"2022-08-14T22:50:10","guid":{"rendered":"https:\/\/fala.host\/?p=1259"},"modified":"2022-08-14T19:50:12","modified_gmt":"2022-08-14T22:50:12","slug":"enquete-qual-a-sua-opiniao-sobre-a-carta-em-apoio-a-democracia-lida-na-usp","status":"publish","type":"post","link":"https:\/\/fala.host\/index.php\/2022\/08\/14\/enquete-qual-a-sua-opiniao-sobre-a-carta-em-apoio-a-democracia-lida-na-usp\/","title":{"rendered":"ENQUETE: Qual a sua opini\u00e3o sobre a Carta em Apoio \u00e0 Democracia lida na USP?"},"content":{"rendered":"\n<p class=\"has-medium-font-size\">Muito se falou essa semana sobre a tal &#8220;<strong>Carta em Defesa ao Estado Democr\u00e1tico de Direito<\/strong>&#8220;, lida na faculdade de direito da USP. A Equipe do <strong>FALA.HOST<\/strong> quer saber a sua opini\u00e3o: Voc\u00ea \u00e9 a favor ou contra \u00e0 &#8220;Carta em defesa ao estado democr\u00e1tico de direito&#8221; lida na USP essa semana?<\/p>\n\n\n\n<h2 class=\"wp-block-heading\">Segue abaixo a enquete<\/h2>\n\n\n\n\n\n\n<h2 class=\"wp-block-heading\">Aproveite e vote nessas outras enquetes<\/h2>\n\n\n\n<figure class=\"wp-block-embed is-type-wp-embed is-provider-fala-host wp-block-embed-fala-host\"><div class=\"wp-block-embed__wrapper\">\n<blockquote class=\"wp-embedded-content\" data-secret=\"5h1OFl3pFb\"><a href=\"https:\/\/fala.host\/index.php\/2022\/06\/07\/enquete-vc-esta-sabendo-das-manifestacoes-do-dia-7set22-vc-participara-acesse-o-grupo-whatsapp\/\">ENQUETE: Vc est\u00e1 sabendo das manifesta\u00e7\u00f5es do dia 7SET22? Vc participar\u00e1? Acesse o grupo Whatsapp.<\/a><\/blockquote><iframe class=\"wp-embedded-content\" sandbox=\"allow-scripts\" security=\"restricted\" style=\"position: absolute; clip: rect(1px, 1px, 1px, 1px);\" title=\"&#8220;ENQUETE: Vc est\u00e1 sabendo das manifesta\u00e7\u00f5es do dia 7SET22? Vc participar\u00e1? Acesse o grupo Whatsapp.&#8221; &#8212; Fala Host\" src=\"https:\/\/fala.host\/index.php\/2022\/06\/07\/enquete-vc-esta-sabendo-das-manifestacoes-do-dia-7set22-vc-participara-acesse-o-grupo-whatsapp\/embed\/#?secret=P2lsnM8xbK#?secret=5h1OFl3pFb\" data-secret=\"5h1OFl3pFb\" width=\"600\" height=\"338\" frameborder=\"0\" marginwidth=\"0\" marginheight=\"0\" scrolling=\"no\"><\/iframe>\n<\/div><\/figure>\n","protected":false},"excerpt":{"rendered":"<p>Muito se falou essa semana sobre a tal &#8220;Carta em Defesa ao Estado Democr\u00e1tico de&#8230;<\/p>\n","protected":false},"author":1,"featured_media":1261,"comment_status":"open","ping_status":"open","sticky":false,"template":"","format":"standard","meta":{"om_disable_all_campaigns":false,"_monsterinsights_skip_tracking":false,"_monsterinsights_sitenote_active":false,"_monsterinsights_sitenote_note":"","_monsterinsights_sitenote_category":0,"footnotes":""},"categories":[18,1],"tags":[],"aioseo_notices":[],"_links":{"self":[{"href":"https:\/\/fala.host\/index.php\/wp-json\/wp\/v2\/posts\/1259"}],"collection":[{"href":"https:\/\/fala.host\/index.php\/wp-json\/wp\/v2\/posts"}],"about":[{"href":"https:\/\/fala.host\/index.php\/wp-json\/wp\/v2\/types\/post"}],"author":[{"embeddable":true,"href":"https:\/\/fala.host\/index.php\/wp-json\/wp\/v2\/users\/1"}],"replies":[{"embeddable":true,"href":"https:\/\/fala.host\/index.php\/wp-json\/wp\/v2\/comments?post=1259"}],"version-history":[{"count":2,"href":"https:\/\/fala.host\/index.php\/wp-json\/wp\/v2\/posts\/1259\/revisions"}],"predecessor-version":[{"id":1267,"href":"https:\/\/fala.host\/index.php\/wp-json\/wp\/v2\/posts\/1259\/revisions\/1267"}],"wp:featuredmedia":[{"embeddable":true,"href":"https:\/\/fala.host\/index.php\/wp-json\/wp\/v2\/media\/1261"}],"wp:attachment":[{"href":"https:\/\/fala.host\/index.php\/wp-json\/wp\/v2\/media?parent=1259"}],"wp:term":[{"taxonomy":"category","embeddable":true,"href":"https:\/\/fala.host\/index.php\/wp-json\/wp\/v2\/categories?post=1259"},{"taxonomy":"post_tag","embeddable":true,"href":"https:\/\/fala.host\/index.php\/wp-json\/wp\/v2\/tags?post=1259"}],"curies":[{"name":"wp","href":"https:\/\/api.w.org\/{rel}","templated":true}]}}