{"id":1243,"date":"2022-07-30T18:25:38","date_gmt":"2022-07-30T21:25:38","guid":{"rendered":"https:\/\/fala.host\/?p=1243"},"modified":"2022-07-30T18:25:40","modified_gmt":"2022-07-30T21:25:40","slug":"enquete-vc-sabe-o-que-e-foro-de-sao-paulo-e-bom-ou-ruim-para-o-mundo","status":"publish","type":"post","link":"https:\/\/fala.host\/index.php\/2022\/07\/30\/enquete-vc-sabe-o-que-e-foro-de-sao-paulo-e-bom-ou-ruim-para-o-mundo\/","title":{"rendered":"ENQUETE: Vc sabe o que \u00e9 Foro de S\u00e3o Paulo? \u00c9 bom ou ruim para o mundo?"},"content":{"rendered":"\n<p class=\"has-medium-font-size\">Todo mundo j\u00e1 deve ter ouvido falar dessa entidade chamada Foro de S\u00e3o Paulo. Criado em 1990, trata-se de uma organiza\u00e7\u00e3o de esquerda que re\u00fane v\u00e1rios partidos de todo o mundo. O <strong>FALA.HOST<\/strong> quer saber a sua opini\u00e3o sobre essa organiza\u00e7\u00e3o: <strong>Voc\u00ea j\u00e1 ouviu falar do Foro de S\u00e3o Paulo? Trata-se de algo bom ou ruim para o mundo?<\/strong> Deixe sua explica\u00e7\u00e3o nos coment\u00e1rios.<\/p>\n\n\n\n<h2 class=\"wp-block-heading\">Segue abaixo a enquete<\/h2>\n\n\n\n\n\n\n<h2 class=\"wp-block-heading\">Aproveite e vote nessas outras enquetes<\/h2>\n\n\n\n<figure class=\"wp-block-embed is-type-wp-embed is-provider-fala-host wp-block-embed-fala-host\"><div class=\"wp-block-embed__wrapper\">\n<blockquote class=\"wp-embedded-content\" data-secret=\"dOe81Qdwg7\"><a href=\"https:\/\/fala.host\/index.php\/2022\/07\/03\/enquete-vc-acreditar-haver-uma-ligacao-entre-pt-e-pcc\/\">ENQUETE: Vc acreditar haver uma liga\u00e7\u00e3o entre PT e PCC?<\/a><\/blockquote><iframe class=\"wp-embedded-content\" sandbox=\"allow-scripts\" security=\"restricted\" style=\"position: absolute; clip: rect(1px, 1px, 1px, 1px);\" title=\"&#8220;ENQUETE: Vc acreditar haver uma liga\u00e7\u00e3o entre PT e PCC?&#8221; &#8212; Fala Host\" src=\"https:\/\/fala.host\/index.php\/2022\/07\/03\/enquete-vc-acreditar-haver-uma-ligacao-entre-pt-e-pcc\/embed\/#?secret=XIMHkaYr4e#?secret=dOe81Qdwg7\" data-secret=\"dOe81Qdwg7\" width=\"600\" height=\"338\" frameborder=\"0\" marginwidth=\"0\" marginheight=\"0\" scrolling=\"no\"><\/iframe>\n<\/div><\/figure>\n","protected":false},"excerpt":{"rendered":"<p>Todo mundo j\u00e1 deve ter ouvido falar dessa entidade chamada Foro de S\u00e3o Paulo. Criado&#8230;<\/p>\n","protected":false},"author":1,"featured_media":1245,"comment_status":"open","ping_status":"open","sticky":false,"template":"","format":"standard","meta":{"om_disable_all_campaigns":false,"_monsterinsights_skip_tracking":false,"_monsterinsights_sitenote_active":false,"_monsterinsights_sitenote_note":"","_monsterinsights_sitenote_category":0,"footnotes":""},"categories":[108,18,69,10,8,30,68,54,1],"tags":[],"aioseo_notices":[],"_links":{"self":[{"href":"https:\/\/fala.host\/index.php\/wp-json\/wp\/v2\/posts\/1243"}],"collection":[{"href":"https:\/\/fala.host\/index.php\/wp-json\/wp\/v2\/posts"}],"about":[{"href":"https:\/\/fala.host\/index.php\/wp-json\/wp\/v2\/types\/post"}],"author":[{"embeddable":true,"href":"https:\/\/fala.host\/index.php\/wp-json\/wp\/v2\/users\/1"}],"replies":[{"embeddable":true,"href":"https:\/\/fala.host\/index.php\/wp-json\/wp\/v2\/comments?post=1243"}],"version-history":[{"count":3,"href":"https:\/\/fala.host\/index.php\/wp-json\/wp\/v2\/posts\/1243\/revisions"}],"predecessor-version":[{"id":1249,"href":"https:\/\/fala.host\/index.php\/wp-json\/wp\/v2\/posts\/1243\/revisions\/1249"}],"wp:featuredmedia":[{"embeddable":true,"href":"https:\/\/fala.host\/index.php\/wp-json\/wp\/v2\/media\/1245"}],"wp:attachment":[{"href":"https:\/\/fala.host\/index.php\/wp-json\/wp\/v2\/media?parent=1243"}],"wp:term":[{"taxonomy":"category","embeddable":true,"href":"https:\/\/fala.host\/index.php\/wp-json\/wp\/v2\/categories?post=1243"},{"taxonomy":"post_tag","embeddable":true,"href":"https:\/\/fala.host\/index.php\/wp-json\/wp\/v2\/tags?post=1243"}],"curies":[{"name":"wp","href":"https:\/\/api.w.org\/{rel}","templated":true}]}}