{"id":1204,"date":"2022-07-13T21:31:35","date_gmt":"2022-07-14T00:31:35","guid":{"rendered":"https:\/\/fala.host\/?p=1204"},"modified":"2023-02-01T11:01:52","modified_gmt":"2023-02-01T14:01:52","slug":"enquete-vc-apoia-a-proposta-de-castracao-quimica-para-estupradores","status":"publish","type":"post","link":"https:\/\/fala.host\/index.php\/2022\/07\/13\/enquete-vc-apoia-a-proposta-de-castracao-quimica-para-estupradores\/","title":{"rendered":"ENQUETE: Vc ap\u00f3ia a proposta de castra\u00e7\u00e3o qu\u00edmica para estupradores?"},"content":{"rendered":"\n<p class=\"has-medium-font-size\">Um projeto do ent\u00e3o <strong>Deputado Jair Messias Bolsonaro<\/strong>, que n\u00e3o foi pra frente por falta de apoio pol\u00edtico, a castra\u00e7\u00e3o qu\u00edmica trata-se da utiliza\u00e7\u00e3o de rem\u00e9dios cont\u00ednuos a estupradores condenados para redu\u00e7\u00e3o do libido, evitando que o mesmo desperte a vontade de voltar a cometer o crime. A proposta n\u00e3o obriga o criminoso ao tratamento, somente os volunt\u00e1rios receber\u00e3o os rem\u00e9dios. Ent\u00e3o a Equipe do <strong>FALA.HOST<\/strong> quer saber a sua opini\u00e3o: <strong>Voc\u00ea aprova o projeto de castra\u00e7\u00e3o qu\u00edmica para estupradores?<\/strong><\/p>\n\n\n\n<h2 class=\"wp-block-heading\">Segue abaixo a enquete<\/h2>\n\n\n\n\n\n\n<h2 class=\"wp-block-heading\">Aproveite e vote nessas outras enquetes<\/h2>\n\n\n\n<figure class=\"wp-block-embed is-type-wp-embed is-provider-fala-host wp-block-embed-fala-host\"><div class=\"wp-block-embed__wrapper\">\n<blockquote class=\"wp-embedded-content\" data-secret=\"XTlycgJPIC\"><a href=\"https:\/\/fala.host\/index.php\/2021\/09\/18\/prisao-em-segunda-instancia-voce-e-a-favor-ou-contra\/\">ENQUETE: Pris\u00e3o em segunda inst\u00e2ncia, voc\u00ea \u00e9 a favor ou contra?<\/a><\/blockquote><iframe class=\"wp-embedded-content\" sandbox=\"allow-scripts\" security=\"restricted\" style=\"position: absolute; clip: rect(1px, 1px, 1px, 1px);\" title=\"&#8220;ENQUETE: Pris\u00e3o em segunda inst\u00e2ncia, voc\u00ea \u00e9 a favor ou contra?&#8221; &#8212; Fala Host\" src=\"https:\/\/fala.host\/index.php\/2021\/09\/18\/prisao-em-segunda-instancia-voce-e-a-favor-ou-contra\/embed\/#?secret=Jyw4gEC5HM#?secret=XTlycgJPIC\" data-secret=\"XTlycgJPIC\" width=\"600\" height=\"338\" frameborder=\"0\" marginwidth=\"0\" marginheight=\"0\" scrolling=\"no\"><\/iframe>\n<\/div><\/figure>\n","protected":false},"excerpt":{"rendered":"<p>Um projeto do ent\u00e3o Deputado Jair Messias Bolsonaro, que n\u00e3o foi pra frente por falta&#8230;<\/p>\n","protected":false},"author":1,"featured_media":1206,"comment_status":"open","ping_status":"open","sticky":false,"template":"","format":"standard","meta":{"om_disable_all_campaigns":false,"_monsterinsights_skip_tracking":false,"_monsterinsights_sitenote_active":false,"_monsterinsights_sitenote_note":"","_monsterinsights_sitenote_category":0,"footnotes":""},"categories":[43,141,82,99,70,20,68,54,121,100,1],"tags":[],"aioseo_notices":[],"_links":{"self":[{"href":"https:\/\/fala.host\/index.php\/wp-json\/wp\/v2\/posts\/1204"}],"collection":[{"href":"https:\/\/fala.host\/index.php\/wp-json\/wp\/v2\/posts"}],"about":[{"href":"https:\/\/fala.host\/index.php\/wp-json\/wp\/v2\/types\/post"}],"author":[{"embeddable":true,"href":"https:\/\/fala.host\/index.php\/wp-json\/wp\/v2\/users\/1"}],"replies":[{"embeddable":true,"href":"https:\/\/fala.host\/index.php\/wp-json\/wp\/v2\/comments?post=1204"}],"version-history":[{"count":1,"href":"https:\/\/fala.host\/index.php\/wp-json\/wp\/v2\/posts\/1204\/revisions"}],"predecessor-version":[{"id":1207,"href":"https:\/\/fala.host\/index.php\/wp-json\/wp\/v2\/posts\/1204\/revisions\/1207"}],"wp:featuredmedia":[{"embeddable":true,"href":"https:\/\/fala.host\/index.php\/wp-json\/wp\/v2\/media\/1206"}],"wp:attachment":[{"href":"https:\/\/fala.host\/index.php\/wp-json\/wp\/v2\/media?parent=1204"}],"wp:term":[{"taxonomy":"category","embeddable":true,"href":"https:\/\/fala.host\/index.php\/wp-json\/wp\/v2\/categories?post=1204"},{"taxonomy":"post_tag","embeddable":true,"href":"https:\/\/fala.host\/index.php\/wp-json\/wp\/v2\/tags?post=1204"}],"curies":[{"name":"wp","href":"https:\/\/api.w.org\/{rel}","templated":true}]}}