{"id":1180,"date":"2022-07-03T19:35:37","date_gmt":"2022-07-03T22:35:37","guid":{"rendered":"https:\/\/fala.host\/?p=1180"},"modified":"2022-07-03T19:35:39","modified_gmt":"2022-07-03T22:35:39","slug":"enquete-vc-acreditar-haver-uma-ligacao-entre-pt-e-pcc","status":"publish","type":"post","link":"https:\/\/fala.host\/index.php\/2022\/07\/03\/enquete-vc-acreditar-haver-uma-ligacao-entre-pt-e-pcc\/","title":{"rendered":"ENQUETE: Vc acreditar haver uma liga\u00e7\u00e3o entre PT e PCC?"},"content":{"rendered":"\n<p class=\"has-medium-font-size\">Nessa semana explodiu na internet a dela\u00e7\u00e3o de Marcos Val\u00e9rio que afirmou ter o PT uma rela\u00e7\u00e3o com o PCC. A Equipe do <strong>FALA.HOST<\/strong> quer saber a sua opini\u00e3o: Voc\u00ea acredita que o PT tem mesmo uma rela\u00e7\u00e3o com o PCC? Vote na enquete abaixo e compartilhe para conhecemos o n\u00edvel de entendimento da popula\u00e7\u00e3o.<\/p>\n\n\n\n<h2 class=\"wp-block-heading\">Segue abaixo a enquete<\/h2>\n\n\n\n\n\n\n<h2 class=\"wp-block-heading\">Aproveite e vote nessas outras enquetes<\/h2>\n\n\n\n<figure class=\"wp-block-embed is-type-wp-embed is-provider-fala-host wp-block-embed-fala-host\"><div class=\"wp-block-embed__wrapper\">\n<blockquote class=\"wp-embedded-content\" data-secret=\"8rSLZncoej\"><a href=\"https:\/\/fala.host\/index.php\/2022\/04\/06\/qual-a-sua-opiniao-sobre-a-fala-do-lula-sobre-visitar-parlamentares-em-suas-residencias\/\">Qual a sua opini\u00e3o sobre a fala do Lula sobre visitar parlamentares em suas resid\u00eancias?<\/a><\/blockquote><iframe class=\"wp-embedded-content\" sandbox=\"allow-scripts\" security=\"restricted\" style=\"position: absolute; clip: rect(1px, 1px, 1px, 1px);\" title=\"&#8220;Qual a sua opini\u00e3o sobre a fala do Lula sobre visitar parlamentares em suas resid\u00eancias?&#8221; &#8212; Fala Host\" src=\"https:\/\/fala.host\/index.php\/2022\/04\/06\/qual-a-sua-opiniao-sobre-a-fala-do-lula-sobre-visitar-parlamentares-em-suas-residencias\/embed\/#?secret=2ZXFAfX7KG#?secret=8rSLZncoej\" data-secret=\"8rSLZncoej\" width=\"600\" height=\"338\" frameborder=\"0\" marginwidth=\"0\" marginheight=\"0\" scrolling=\"no\"><\/iframe>\n<\/div><\/figure>\n\n\n\n<figure class=\"wp-block-embed is-type-wp-embed is-provider-fala-host wp-block-embed-fala-host\"><div class=\"wp-block-embed__wrapper\">\n<blockquote class=\"wp-embedded-content\" data-secret=\"uwP0v9DIPs\"><a href=\"https:\/\/fala.host\/index.php\/2021\/07\/28\/qual-a-sua-opiniao-sobre-lula\/\">Qual a sua opini\u00e3o sobre Lula?<\/a><\/blockquote><iframe class=\"wp-embedded-content\" sandbox=\"allow-scripts\" security=\"restricted\" style=\"position: absolute; clip: rect(1px, 1px, 1px, 1px);\" title=\"&#8220;Qual a sua opini\u00e3o sobre Lula?&#8221; &#8212; Fala Host\" src=\"https:\/\/fala.host\/index.php\/2021\/07\/28\/qual-a-sua-opiniao-sobre-lula\/embed\/#?secret=8Vk8mQmdLB#?secret=uwP0v9DIPs\" data-secret=\"uwP0v9DIPs\" width=\"600\" height=\"338\" frameborder=\"0\" marginwidth=\"0\" marginheight=\"0\" scrolling=\"no\"><\/iframe>\n<\/div><\/figure>\n","protected":false},"excerpt":{"rendered":"<p>Nessa semana explodiu na internet a dela\u00e7\u00e3o de Marcos Val\u00e9rio que afirmou ter o PT&#8230;<\/p>\n","protected":false},"author":1,"featured_media":1182,"comment_status":"open","ping_status":"open","sticky":false,"template":"","format":"standard","meta":{"om_disable_all_campaigns":false,"_monsterinsights_skip_tracking":false,"_monsterinsights_sitenote_active":false,"_monsterinsights_sitenote_note":"","_monsterinsights_sitenote_category":0,"footnotes":""},"categories":[108,10,8,30,88,68,12,63,59,102,54,57,1],"tags":[],"aioseo_notices":[],"_links":{"self":[{"href":"https:\/\/fala.host\/index.php\/wp-json\/wp\/v2\/posts\/1180"}],"collection":[{"href":"https:\/\/fala.host\/index.php\/wp-json\/wp\/v2\/posts"}],"about":[{"href":"https:\/\/fala.host\/index.php\/wp-json\/wp\/v2\/types\/post"}],"author":[{"embeddable":true,"href":"https:\/\/fala.host\/index.php\/wp-json\/wp\/v2\/users\/1"}],"replies":[{"embeddable":true,"href":"https:\/\/fala.host\/index.php\/wp-json\/wp\/v2\/comments?post=1180"}],"version-history":[{"count":2,"href":"https:\/\/fala.host\/index.php\/wp-json\/wp\/v2\/posts\/1180\/revisions"}],"predecessor-version":[{"id":1186,"href":"https:\/\/fala.host\/index.php\/wp-json\/wp\/v2\/posts\/1180\/revisions\/1186"}],"wp:featuredmedia":[{"embeddable":true,"href":"https:\/\/fala.host\/index.php\/wp-json\/wp\/v2\/media\/1182"}],"wp:attachment":[{"href":"https:\/\/fala.host\/index.php\/wp-json\/wp\/v2\/media?parent=1180"}],"wp:term":[{"taxonomy":"category","embeddable":true,"href":"https:\/\/fala.host\/index.php\/wp-json\/wp\/v2\/categories?post=1180"},{"taxonomy":"post_tag","embeddable":true,"href":"https:\/\/fala.host\/index.php\/wp-json\/wp\/v2\/tags?post=1180"}],"curies":[{"name":"wp","href":"https:\/\/api.w.org\/{rel}","templated":true}]}}