{"id":1166,"date":"2022-06-23T10:49:10","date_gmt":"2022-06-23T13:49:10","guid":{"rendered":"https:\/\/fala.host\/?p=1166"},"modified":"2022-06-23T10:49:11","modified_gmt":"2022-06-23T13:49:11","slug":"enquete-caso-milton-ribeiro-ex-ministro-da-educacao-de-bolsonaro-corrupto-ou-mais-uma-cortina-de-fumaca","status":"publish","type":"post","link":"https:\/\/fala.host\/index.php\/2022\/06\/23\/enquete-caso-milton-ribeiro-ex-ministro-da-educacao-de-bolsonaro-corrupto-ou-mais-uma-cortina-de-fumaca\/","title":{"rendered":"ENQUETE: Caso Milton Ribeiro, ex Ministro da Educa\u00e7\u00e3o de Bolsonaro. Corrupto ou mais uma cortina de fuma\u00e7a?"},"content":{"rendered":"\n<p class=\"has-medium-font-size\">Como \u00e9 de conhecimento geral o Ex Ministro da Educa\u00e7\u00e3o do Bolsonaro foi preso preventivamente em uma investiga\u00e7\u00e3o de poss\u00edvel favorecimento a alguns evang\u00e9licos. A Equipe do <strong><span class=\"has-inline-color has-pale-cyan-blue-color\">FALA.HOST<\/span><\/strong> quer saber a sua opini\u00e3o: Pra voc\u00ea Milton Ribeiro favoreceu mesmo os evang\u00e9licos cometendo crime de corrup\u00e7\u00e3o passiva ou n\u00e3o passa de mais uma cortina de fuma\u00e7a para esconder algo e tentar denegrir a imagem do Presidente Bolsonaro? Vote na enquete  logo mais abaixo.<\/p>\n\n\n\n<h2 class=\"wp-block-heading\">Segue abaixo a enquete<\/h2>\n\n\n\n\n\n\n<h2 class=\"wp-block-heading\">Aproveite e vote nessas outras enquetes<\/h2>\n\n\n\n<figure class=\"wp-block-embed is-type-wp-embed is-provider-fala-host wp-block-embed-fala-host\"><div class=\"wp-block-embed__wrapper\">\n<blockquote class=\"wp-embedded-content\" data-secret=\"EgRN8DsiKw\"><a href=\"https:\/\/fala.host\/index.php\/2022\/05\/15\/enquete-na-sua-opiniao-quem-foi-responsavel-pelo-abrupto-aumento-de-criancas-que-nao-sabem-ler-e-escrever\/\">ENQUETE: Na sua opini\u00e3o quem foi respons\u00e1vel pelo abrupto aumento de crian\u00e7as que n\u00e3o sabem ler e escrever?<\/a><\/blockquote><iframe class=\"wp-embedded-content\" sandbox=\"allow-scripts\" security=\"restricted\" style=\"position: absolute; clip: rect(1px, 1px, 1px, 1px);\" title=\"&#8220;ENQUETE: Na sua opini\u00e3o quem foi respons\u00e1vel pelo abrupto aumento de crian\u00e7as que n\u00e3o sabem ler e escrever?&#8221; &#8212; Fala Host\" src=\"https:\/\/fala.host\/index.php\/2022\/05\/15\/enquete-na-sua-opiniao-quem-foi-responsavel-pelo-abrupto-aumento-de-criancas-que-nao-sabem-ler-e-escrever\/embed\/#?secret=zF6iPCixG1#?secret=EgRN8DsiKw\" data-secret=\"EgRN8DsiKw\" width=\"600\" height=\"338\" frameborder=\"0\" marginwidth=\"0\" marginheight=\"0\" scrolling=\"no\"><\/iframe>\n<\/div><\/figure>\n\n\n\n<figure class=\"wp-block-embed is-type-wp-embed is-provider-fala-host wp-block-embed-fala-host\"><div class=\"wp-block-embed__wrapper\">\n<blockquote class=\"wp-embedded-content\" data-secret=\"N1rUkjIe7B\"><a href=\"https:\/\/fala.host\/index.php\/2022\/05\/05\/enquete-bolsonaro-vai-contratar-empresa-para-auditar-as-eleicoes-voce-e-a-favor-ou-contra\/\">ENQUETE: Bolsonaro vai contratar empresa para auditar as elei\u00e7\u00f5es, voc\u00ea \u00e9 a favor ou contra?<\/a><\/blockquote><iframe class=\"wp-embedded-content\" sandbox=\"allow-scripts\" security=\"restricted\" style=\"position: absolute; clip: rect(1px, 1px, 1px, 1px);\" title=\"&#8220;ENQUETE: Bolsonaro vai contratar empresa para auditar as elei\u00e7\u00f5es, voc\u00ea \u00e9 a favor ou contra?&#8221; &#8212; Fala Host\" src=\"https:\/\/fala.host\/index.php\/2022\/05\/05\/enquete-bolsonaro-vai-contratar-empresa-para-auditar-as-eleicoes-voce-e-a-favor-ou-contra\/embed\/#?secret=SJkOf3xGRB#?secret=N1rUkjIe7B\" data-secret=\"N1rUkjIe7B\" width=\"600\" height=\"338\" frameborder=\"0\" marginwidth=\"0\" marginheight=\"0\" scrolling=\"no\"><\/iframe>\n<\/div><\/figure>\n","protected":false},"excerpt":{"rendered":"<p>Como \u00e9 de conhecimento geral o Ex Ministro da Educa\u00e7\u00e3o do Bolsonaro foi preso preventivamente&#8230;<\/p>\n","protected":false},"author":1,"featured_media":1168,"comment_status":"open","ping_status":"open","sticky":false,"template":"","format":"standard","meta":{"om_disable_all_campaigns":false,"_monsterinsights_skip_tracking":false,"_monsterinsights_sitenote_active":false,"_monsterinsights_sitenote_note":"","_monsterinsights_sitenote_category":0,"footnotes":""},"categories":[43,117,82,10,88,135,34,136,59,57,1],"tags":[],"aioseo_notices":[],"_links":{"self":[{"href":"https:\/\/fala.host\/index.php\/wp-json\/wp\/v2\/posts\/1166"}],"collection":[{"href":"https:\/\/fala.host\/index.php\/wp-json\/wp\/v2\/posts"}],"about":[{"href":"https:\/\/fala.host\/index.php\/wp-json\/wp\/v2\/types\/post"}],"author":[{"embeddable":true,"href":"https:\/\/fala.host\/index.php\/wp-json\/wp\/v2\/users\/1"}],"replies":[{"embeddable":true,"href":"https:\/\/fala.host\/index.php\/wp-json\/wp\/v2\/comments?post=1166"}],"version-history":[{"count":2,"href":"https:\/\/fala.host\/index.php\/wp-json\/wp\/v2\/posts\/1166\/revisions"}],"predecessor-version":[{"id":1172,"href":"https:\/\/fala.host\/index.php\/wp-json\/wp\/v2\/posts\/1166\/revisions\/1172"}],"wp:featuredmedia":[{"embeddable":true,"href":"https:\/\/fala.host\/index.php\/wp-json\/wp\/v2\/media\/1168"}],"wp:attachment":[{"href":"https:\/\/fala.host\/index.php\/wp-json\/wp\/v2\/media?parent=1166"}],"wp:term":[{"taxonomy":"category","embeddable":true,"href":"https:\/\/fala.host\/index.php\/wp-json\/wp\/v2\/categories?post=1166"},{"taxonomy":"post_tag","embeddable":true,"href":"https:\/\/fala.host\/index.php\/wp-json\/wp\/v2\/tags?post=1166"}],"curies":[{"name":"wp","href":"https:\/\/api.w.org\/{rel}","templated":true}]}}