{"id":1151,"date":"2022-06-12T10:29:32","date_gmt":"2022-06-12T13:29:32","guid":{"rendered":"https:\/\/fala.host\/?p=1151"},"modified":"2022-06-12T10:29:34","modified_gmt":"2022-06-12T13:29:34","slug":"enquete-o-que-vc-achou-do-aumento-de-pena-para-maus-tratos-a-caes-e-gatos","status":"publish","type":"post","link":"https:\/\/fala.host\/index.php\/2022\/06\/12\/enquete-o-que-vc-achou-do-aumento-de-pena-para-maus-tratos-a-caes-e-gatos\/","title":{"rendered":"ENQUETE: O que vc achou do aumento de pena para maus tratos a c\u00e3es e gatos?"},"content":{"rendered":"\n<p class=\"has-medium-font-size\">O Presidente Jair Bolsonaro sancionou dia 29\/09\/2020 a lei 1.095\/2019 que aumenta as penas de maus tratos a c\u00e3es e gatos, podendo chegar a 5 anos de pris\u00e3o. Conforme mat\u00e9ria da <a href=\"https:\/\/agenciabrasil.ebc.com.br\/pol%C3%ADtica\/noticia\/2020-09\/lei-aumenta-pena-para-maus-tratos-caes-e-gatos\" target=\"_blank\" rel=\"noreferrer noopener\">Ag\u00eancia Brasil<\/a> s\u00e3o cerca de 28,8 milh\u00f5es de lares com cachorro e 11,5 milh\u00f5es com gato. A Equipe do <strong>FALA.HOST<\/strong> quer saber a sua opini\u00e3o: <strong>O que voc\u00ea achou do aumento de pena para maus tratos a c\u00e3es e gatos?<\/strong> Acesse a enquete abaixo, vote, compartilhe, vamos discutir mais sobre esse tema e quem sabe melhorar a lei.<\/p>\n\n\n\n<p>Fonte: <a href=\"https:\/\/agenciabrasil.ebc.com.br\/pol%C3%ADtica\/noticia\/2020-09\/lei-aumenta-pena-para-maus-tratos-caes-e-gatos\" target=\"_blank\" rel=\"noreferrer noopener\">Mat\u00e9ria Ag\u00eancia Brasil<\/a><\/p>\n\n\n\n<h2 class=\"wp-block-heading\">Segue abaixo a enquete<\/h2>\n\n\n\n\n\n\n<h2 class=\"wp-block-heading\">Aproveite e vote nessas outras enquetes<\/h2>\n\n\n\n<figure class=\"wp-block-embed is-type-wp-embed is-provider-fala-host wp-block-embed-fala-host\"><div class=\"wp-block-embed__wrapper\">\n<blockquote class=\"wp-embedded-content\" data-secret=\"mqs21rdahG\"><a href=\"https:\/\/fala.host\/index.php\/2021\/09\/18\/prisao-em-segunda-instancia-voce-e-a-favor-ou-contra\/\">ENQUETE: Pris\u00e3o em segunda inst\u00e2ncia, voc\u00ea \u00e9 a favor ou contra?<\/a><\/blockquote><iframe class=\"wp-embedded-content\" sandbox=\"allow-scripts\" security=\"restricted\" style=\"position: absolute; clip: rect(1px, 1px, 1px, 1px);\" title=\"&#8220;ENQUETE: Pris\u00e3o em segunda inst\u00e2ncia, voc\u00ea \u00e9 a favor ou contra?&#8221; &#8212; Fala Host\" src=\"https:\/\/fala.host\/index.php\/2021\/09\/18\/prisao-em-segunda-instancia-voce-e-a-favor-ou-contra\/embed\/#?secret=Zwiv592hQz#?secret=mqs21rdahG\" data-secret=\"mqs21rdahG\" width=\"600\" height=\"338\" frameborder=\"0\" marginwidth=\"0\" marginheight=\"0\" scrolling=\"no\"><\/iframe>\n<\/div><\/figure>\n\n\n\n<figure class=\"wp-block-embed is-type-wp-embed is-provider-fala-host wp-block-embed-fala-host\"><div class=\"wp-block-embed__wrapper\">\n<blockquote class=\"wp-embedded-content\" data-secret=\"OWoCSx2FxL\"><a href=\"https:\/\/fala.host\/index.php\/2021\/10\/23\/qual-a-sua-opiniao-sobre-a-prisao-dos-jornalistas-brasileiros\/\">Qual a sua opini\u00e3o sobre a pris\u00e3o dos Jornalistas brasileiros?<\/a><\/blockquote><iframe class=\"wp-embedded-content\" sandbox=\"allow-scripts\" security=\"restricted\" style=\"position: absolute; clip: rect(1px, 1px, 1px, 1px);\" title=\"&#8220;Qual a sua opini\u00e3o sobre a pris\u00e3o dos Jornalistas brasileiros?&#8221; &#8212; Fala Host\" src=\"https:\/\/fala.host\/index.php\/2021\/10\/23\/qual-a-sua-opiniao-sobre-a-prisao-dos-jornalistas-brasileiros\/embed\/#?secret=MW1C7GPxLm#?secret=OWoCSx2FxL\" data-secret=\"OWoCSx2FxL\" width=\"600\" height=\"338\" frameborder=\"0\" marginwidth=\"0\" marginheight=\"0\" scrolling=\"no\"><\/iframe>\n<\/div><\/figure>\n","protected":false},"excerpt":{"rendered":"<p>O Presidente Jair Bolsonaro sancionou dia 29\/09\/2020 a lei 1.095\/2019 que aumenta as penas de&#8230;<\/p>\n","protected":false},"author":1,"featured_media":1152,"comment_status":"open","ping_status":"open","sticky":false,"template":"","format":"standard","meta":{"om_disable_all_campaigns":false,"_monsterinsights_skip_tracking":false,"_monsterinsights_sitenote_active":false,"_monsterinsights_sitenote_note":"","_monsterinsights_sitenote_category":0,"footnotes":""},"categories":[108,133,18,41,59,54,57,1],"tags":[],"aioseo_notices":[],"_links":{"self":[{"href":"https:\/\/fala.host\/index.php\/wp-json\/wp\/v2\/posts\/1151"}],"collection":[{"href":"https:\/\/fala.host\/index.php\/wp-json\/wp\/v2\/posts"}],"about":[{"href":"https:\/\/fala.host\/index.php\/wp-json\/wp\/v2\/types\/post"}],"author":[{"embeddable":true,"href":"https:\/\/fala.host\/index.php\/wp-json\/wp\/v2\/users\/1"}],"replies":[{"embeddable":true,"href":"https:\/\/fala.host\/index.php\/wp-json\/wp\/v2\/comments?post=1151"}],"version-history":[{"count":1,"href":"https:\/\/fala.host\/index.php\/wp-json\/wp\/v2\/posts\/1151\/revisions"}],"predecessor-version":[{"id":1153,"href":"https:\/\/fala.host\/index.php\/wp-json\/wp\/v2\/posts\/1151\/revisions\/1153"}],"wp:featuredmedia":[{"embeddable":true,"href":"https:\/\/fala.host\/index.php\/wp-json\/wp\/v2\/media\/1152"}],"wp:attachment":[{"href":"https:\/\/fala.host\/index.php\/wp-json\/wp\/v2\/media?parent=1151"}],"wp:term":[{"taxonomy":"category","embeddable":true,"href":"https:\/\/fala.host\/index.php\/wp-json\/wp\/v2\/categories?post=1151"},{"taxonomy":"post_tag","embeddable":true,"href":"https:\/\/fala.host\/index.php\/wp-json\/wp\/v2\/tags?post=1151"}],"curies":[{"name":"wp","href":"https:\/\/api.w.org\/{rel}","templated":true}]}}