{"id":1147,"date":"2022-06-07T23:52:26","date_gmt":"2022-06-08T02:52:26","guid":{"rendered":"https:\/\/fala.host\/?p=1147"},"modified":"2023-02-01T11:02:16","modified_gmt":"2023-02-01T14:02:16","slug":"enquete-vc-esta-sabendo-das-manifestacoes-do-dia-7set22-vc-participara-acesse-o-grupo-whatsapp","status":"publish","type":"post","link":"https:\/\/fala.host\/index.php\/2022\/06\/07\/enquete-vc-esta-sabendo-das-manifestacoes-do-dia-7set22-vc-participara-acesse-o-grupo-whatsapp\/","title":{"rendered":"ENQUETE: Vc est\u00e1 sabendo das manifesta\u00e7\u00f5es do dia 7SET22? Vc participar\u00e1? Acesse o grupo Whatsapp."},"content":{"rendered":"\n<p class=\"has-medium-font-size\">O Presidente Jair Bolsonaro basicamente convocou a popula\u00e7\u00e3o a se manifestar no dia <strong>07 de Setembro de 2022<\/strong>, <a href=\"https:\/\/fala.host\/bolsonarotemrazao\/2022\/06\/08\/jb-convoca-manifestacoes-para-7set22\/\" target=\"_blank\" rel=\"noreferrer noopener\">veja o v\u00eddeo aqui<\/a>. A Equipe do <strong>FALA.HOST<\/strong> quer saber a sua opini\u00e3o. <strong><span class=\"has-inline-color has-vivid-red-color\">Voc\u00ea est\u00e1 sabendo destas manifesta\u00e7\u00f5es? Voc\u00ea participar\u00e1?<\/span><\/strong> Acesse a enquete logo abaixo, deixe seu voto, seu nome, telefone para contato, e-mail e acesse o grupo do Whatsapp.<\/p>\n\n\n\n<p class=\"has-medium-font-size\">Ap\u00f3s votar nessa enquete aparecer\u00e1 o link do grupo do Whatsapp que estamos criando para organizar tais manifesta\u00e7\u00f5es. Se voc\u00ea tiver interesse convidamos voc\u00ea a acessar e receber as informa\u00e7\u00f5es em tempo real.<\/p>\n\n\n\n<h2 class=\"wp-block-heading\">Segue abaixo a enquete<\/h2>\n\n\n\n\n\n\n<h2 class=\"wp-block-heading\">Aproveite e vote nessas outras enquetes<\/h2>\n\n\n\n<figure class=\"wp-block-embed is-type-wp-embed is-provider-fala-host wp-block-embed-fala-host\"><div class=\"wp-block-embed__wrapper\">\n<blockquote class=\"wp-embedded-content\" data-secret=\"FSeBWq4Wsl\"><a href=\"https:\/\/fala.host\/index.php\/2021\/09\/08\/voce-foi-na-manifestacao-democratica-de-7set21-queremos-sua-foto-aqui-vote-e-adicione\/\">Voc\u00ea foi na manifesta\u00e7\u00e3o democr\u00e1tica de 7SET21? Queremos sua foto aqui, vote e adicione.<\/a><\/blockquote><iframe class=\"wp-embedded-content\" sandbox=\"allow-scripts\" security=\"restricted\" style=\"position: absolute; clip: rect(1px, 1px, 1px, 1px);\" title=\"&#8220;Voc\u00ea foi na manifesta\u00e7\u00e3o democr\u00e1tica de 7SET21? Queremos sua foto aqui, vote e adicione.&#8221; &#8212; Fala Host\" src=\"https:\/\/fala.host\/index.php\/2021\/09\/08\/voce-foi-na-manifestacao-democratica-de-7set21-queremos-sua-foto-aqui-vote-e-adicione\/embed\/#?secret=qSb5nFJzZM#?secret=FSeBWq4Wsl\" data-secret=\"FSeBWq4Wsl\" width=\"600\" height=\"338\" frameborder=\"0\" marginwidth=\"0\" marginheight=\"0\" scrolling=\"no\"><\/iframe>\n<\/div><\/figure>\n\n\n\n<figure class=\"wp-block-embed is-type-wp-embed is-provider-fala-host wp-block-embed-fala-host\"><div class=\"wp-block-embed__wrapper\">\n<blockquote class=\"wp-embedded-content\" data-secret=\"8Wo8WZdJhW\"><a href=\"https:\/\/fala.host\/index.php\/2022\/05\/01\/enquete-voce-participou-das-manifestacoes-do-dia-01maio22-por-favor-compartilhe-seu-video-com-a-gente\/\">Enquete: Voc\u00ea participou das manifesta\u00e7\u00f5es do dia 01MAIO22? Por favor compartilhe seu v\u00eddeo com a gente.<\/a><\/blockquote><iframe class=\"wp-embedded-content\" sandbox=\"allow-scripts\" security=\"restricted\" style=\"position: absolute; clip: rect(1px, 1px, 1px, 1px);\" title=\"&#8220;Enquete: Voc\u00ea participou das manifesta\u00e7\u00f5es do dia 01MAIO22? Por favor compartilhe seu v\u00eddeo com a gente.&#8221; &#8212; Fala Host\" src=\"https:\/\/fala.host\/index.php\/2022\/05\/01\/enquete-voce-participou-das-manifestacoes-do-dia-01maio22-por-favor-compartilhe-seu-video-com-a-gente\/embed\/#?secret=Yh63pZa82T#?secret=8Wo8WZdJhW\" data-secret=\"8Wo8WZdJhW\" width=\"600\" height=\"338\" frameborder=\"0\" marginwidth=\"0\" marginheight=\"0\" scrolling=\"no\"><\/iframe>\n<\/div><\/figure>\n\n\n\n<figure class=\"wp-block-embed is-type-wp-embed is-provider-fala-host wp-block-embed-fala-host\"><div class=\"wp-block-embed__wrapper\">\n<blockquote class=\"wp-embedded-content\" data-secret=\"qy16FvH0JX\"><a href=\"https:\/\/fala.host\/index.php\/2021\/08\/02\/voce-foi-na-manifestacao-do-voto-impresso-em-qual-cidade-o-que-achou\/\">Voc\u00ea foi na manifesta\u00e7\u00e3o do voto impresso? Em qual cidade? O que achou?<\/a><\/blockquote><iframe class=\"wp-embedded-content\" sandbox=\"allow-scripts\" security=\"restricted\" style=\"position: absolute; clip: rect(1px, 1px, 1px, 1px);\" title=\"&#8220;Voc\u00ea foi na manifesta\u00e7\u00e3o do voto impresso? Em qual cidade? O que achou?&#8221; &#8212; Fala Host\" src=\"https:\/\/fala.host\/index.php\/2021\/08\/02\/voce-foi-na-manifestacao-do-voto-impresso-em-qual-cidade-o-que-achou\/embed\/#?secret=XGqosDPgzK#?secret=qy16FvH0JX\" data-secret=\"qy16FvH0JX\" width=\"600\" height=\"338\" frameborder=\"0\" marginwidth=\"0\" marginheight=\"0\" scrolling=\"no\"><\/iframe>\n<\/div><\/figure>\n","protected":false},"excerpt":{"rendered":"<p>O Presidente Jair Bolsonaro basicamente convocou a popula\u00e7\u00e3o a se manifestar no dia 07 de&#8230;<\/p>\n","protected":false},"author":1,"featured_media":1149,"comment_status":"open","ping_status":"open","sticky":false,"template":"","format":"standard","meta":{"om_disable_all_campaigns":false,"_monsterinsights_skip_tracking":false,"_monsterinsights_sitenote_active":false,"_monsterinsights_sitenote_note":"","_monsterinsights_sitenote_category":0,"footnotes":""},"categories":[122,84,132,67,35,108,31,43,24,25,18,10,126,30,88,23,19,16,41,59,113,114,112,111,57,14,1,21,9,4],"tags":[],"aioseo_notices":[],"_links":{"self":[{"href":"https:\/\/fala.host\/index.php\/wp-json\/wp\/v2\/posts\/1147"}],"collection":[{"href":"https:\/\/fala.host\/index.php\/wp-json\/wp\/v2\/posts"}],"about":[{"href":"https:\/\/fala.host\/index.php\/wp-json\/wp\/v2\/types\/post"}],"author":[{"embeddable":true,"href":"https:\/\/fala.host\/index.php\/wp-json\/wp\/v2\/users\/1"}],"replies":[{"embeddable":true,"href":"https:\/\/fala.host\/index.php\/wp-json\/wp\/v2\/comments?post=1147"}],"version-history":[{"count":3,"href":"https:\/\/fala.host\/index.php\/wp-json\/wp\/v2\/posts\/1147\/revisions"}],"predecessor-version":[{"id":1157,"href":"https:\/\/fala.host\/index.php\/wp-json\/wp\/v2\/posts\/1147\/revisions\/1157"}],"wp:featuredmedia":[{"embeddable":true,"href":"https:\/\/fala.host\/index.php\/wp-json\/wp\/v2\/media\/1149"}],"wp:attachment":[{"href":"https:\/\/fala.host\/index.php\/wp-json\/wp\/v2\/media?parent=1147"}],"wp:term":[{"taxonomy":"category","embeddable":true,"href":"https:\/\/fala.host\/index.php\/wp-json\/wp\/v2\/categories?post=1147"},{"taxonomy":"post_tag","embeddable":true,"href":"https:\/\/fala.host\/index.php\/wp-json\/wp\/v2\/tags?post=1147"}],"curies":[{"name":"wp","href":"https:\/\/api.w.org\/{rel}","templated":true}]}}