{"id":1139,"date":"2022-06-05T12:25:03","date_gmt":"2022-06-05T15:25:03","guid":{"rendered":"https:\/\/fala.host\/?p=1139"},"modified":"2022-06-05T12:25:04","modified_gmt":"2022-06-05T15:25:04","slug":"enquete-o-que-vc-achou-dos-bloqueios-de-contas-do-pco-pelo-ministro-alexandre-de-moraes","status":"publish","type":"post","link":"https:\/\/fala.host\/index.php\/2022\/06\/05\/enquete-o-que-vc-achou-dos-bloqueios-de-contas-do-pco-pelo-ministro-alexandre-de-moraes\/","title":{"rendered":"ENQUETE: O que vc achou dos bloqueios de contas do PCO pelo Ministro Alexandre de Moraes?"},"content":{"rendered":"\n<p class=\"has-medium-font-size\">Noticiado pela <a href=\"https:\/\/www.gazetadopovo.com.br\/vida-e-cidadania\/moraes-ordena-bloqueio-contas-pco-e-inclui-partido-inquerito-fake-news\/\" target=\"_blank\" rel=\"noreferrer noopener\">Gazeta do Povo<\/a>, ap\u00f3s cr\u00edticas do PCO, Moraes ordena bloqueio de contas do Partido e o inclui em seu famigerado &#8220;<strong><em>inqu\u00e9rito das fake news<\/em><\/strong>&#8220;. A Equipe do <strong>FALA.HOST<\/strong> quer saber a sua opini\u00e3o, o que voc\u00ea achou dos bloqueios das contas do PCO que ocorreu aparentemente por cr\u00edticas ao Ministro?<\/p>\n\n\n\n<h2 class=\"wp-block-heading\">Mat\u00e9ria da <a href=\"https:\/\/www.gazetadopovo.com.br\/vida-e-cidadania\/moraes-ordena-bloqueio-contas-pco-e-inclui-partido-inquerito-fake-news\/\" target=\"_blank\" rel=\"noreferrer noopener\">Gazeta do Povo<\/a><\/h2>\n\n\n\n<figure class=\"wp-block-image size-large\"><img loading=\"lazy\" decoding=\"async\" width=\"1024\" height=\"232\" src=\"https:\/\/fala.host\/wp-content\/uploads\/2022\/06\/image-1024x232.png\" alt=\"\" class=\"wp-image-1140\" srcset=\"https:\/\/fala.host\/wp-content\/uploads\/2022\/06\/image-1024x232.png 1024w, https:\/\/fala.host\/wp-content\/uploads\/2022\/06\/image-300x68.png 300w, https:\/\/fala.host\/wp-content\/uploads\/2022\/06\/image-768x174.png 768w, https:\/\/fala.host\/wp-content\/uploads\/2022\/06\/image.png 1299w\" sizes=\"(max-width: 1024px) 100vw, 1024px\" \/><\/figure>\n\n\n\n<h2 class=\"wp-block-heading\">Segue abaixo a enquete online<\/h2>\n\n\n\n\n\n\n<h2 class=\"wp-block-heading\">Aproveite e vote nas enquetes abaixo<\/h2>\n\n\n\n<figure class=\"wp-block-embed is-type-wp-embed is-provider-fala-host wp-block-embed-fala-host\"><div class=\"wp-block-embed__wrapper\">\n<blockquote class=\"wp-embedded-content\" data-secret=\"wWZO1dEt9o\"><a href=\"https:\/\/fala.host\/index.php\/2021\/08\/15\/voce-aprova-o-impeachment-do-ministro-alexandre-de-moraes\/\">Voc\u00ea aprova o impeachment do Ministro Alexandre de Moraes?<\/a><\/blockquote><iframe class=\"wp-embedded-content\" sandbox=\"allow-scripts\" security=\"restricted\" style=\"position: absolute; clip: rect(1px, 1px, 1px, 1px);\" title=\"&#8220;Voc\u00ea aprova o impeachment do Ministro Alexandre de Moraes?&#8221; &#8212; Fala Host\" src=\"https:\/\/fala.host\/index.php\/2021\/08\/15\/voce-aprova-o-impeachment-do-ministro-alexandre-de-moraes\/embed\/#?secret=uEwKCEQSgv#?secret=wWZO1dEt9o\" data-secret=\"wWZO1dEt9o\" width=\"600\" height=\"338\" frameborder=\"0\" marginwidth=\"0\" marginheight=\"0\" scrolling=\"no\"><\/iframe>\n<\/div><\/figure>\n\n\n\n<figure class=\"wp-block-embed is-type-wp-embed is-provider-fala-host wp-block-embed-fala-host\"><div class=\"wp-block-embed__wrapper\">\n<blockquote class=\"wp-embedded-content\" data-secret=\"UXsUOwsB9T\"><a href=\"https:\/\/fala.host\/index.php\/2022\/03\/30\/qual-a-sua-opiniao-sobre-o-caso-daniel-silveira\/\">Qual a sua opini\u00e3o sobre o caso Daniel Silveira?<\/a><\/blockquote><iframe class=\"wp-embedded-content\" sandbox=\"allow-scripts\" security=\"restricted\" style=\"position: absolute; clip: rect(1px, 1px, 1px, 1px);\" title=\"&#8220;Qual a sua opini\u00e3o sobre o caso Daniel Silveira?&#8221; &#8212; Fala Host\" src=\"https:\/\/fala.host\/index.php\/2022\/03\/30\/qual-a-sua-opiniao-sobre-o-caso-daniel-silveira\/embed\/#?secret=1MRPrEQ8r8#?secret=UXsUOwsB9T\" data-secret=\"UXsUOwsB9T\" width=\"600\" height=\"338\" frameborder=\"0\" marginwidth=\"0\" marginheight=\"0\" scrolling=\"no\"><\/iframe>\n<\/div><\/figure>\n\n\n\n<figure class=\"wp-block-embed is-type-wp-embed is-provider-fala-host wp-block-embed-fala-host\"><div class=\"wp-block-embed__wrapper\">\n<blockquote class=\"wp-embedded-content\" data-secret=\"yU34KU8wAE\"><a href=\"https:\/\/fala.host\/index.php\/2021\/10\/23\/qual-a-sua-opiniao-sobre-a-prisao-dos-jornalistas-brasileiros\/\">Qual a sua opini\u00e3o sobre a pris\u00e3o dos Jornalistas brasileiros?<\/a><\/blockquote><iframe class=\"wp-embedded-content\" sandbox=\"allow-scripts\" security=\"restricted\" style=\"position: absolute; clip: rect(1px, 1px, 1px, 1px);\" title=\"&#8220;Qual a sua opini\u00e3o sobre a pris\u00e3o dos Jornalistas brasileiros?&#8221; &#8212; Fala Host\" src=\"https:\/\/fala.host\/index.php\/2021\/10\/23\/qual-a-sua-opiniao-sobre-a-prisao-dos-jornalistas-brasileiros\/embed\/#?secret=AH1bu5fKZX#?secret=yU34KU8wAE\" data-secret=\"yU34KU8wAE\" width=\"600\" height=\"338\" frameborder=\"0\" marginwidth=\"0\" marginheight=\"0\" scrolling=\"no\"><\/iframe>\n<\/div><\/figure>\n","protected":false},"excerpt":{"rendered":"<p>Noticiado pela Gazeta do Povo, ap\u00f3s cr\u00edticas do PCO, Moraes ordena bloqueio de contas do&#8230;<\/p>\n","protected":false},"author":1,"featured_media":1141,"comment_status":"open","ping_status":"open","sticky":false,"template":"","format":"standard","meta":{"om_disable_all_campaigns":false,"_monsterinsights_skip_tracking":false,"_monsterinsights_sitenote_active":false,"_monsterinsights_sitenote_note":"","_monsterinsights_sitenote_category":0,"footnotes":""},"categories":[35,108,62,18,10,20,30,68,33,17,61,19,95,72,59,113,114,112,111,57,14,1,21],"tags":[],"aioseo_notices":[],"_links":{"self":[{"href":"https:\/\/fala.host\/index.php\/wp-json\/wp\/v2\/posts\/1139"}],"collection":[{"href":"https:\/\/fala.host\/index.php\/wp-json\/wp\/v2\/posts"}],"about":[{"href":"https:\/\/fala.host\/index.php\/wp-json\/wp\/v2\/types\/post"}],"author":[{"embeddable":true,"href":"https:\/\/fala.host\/index.php\/wp-json\/wp\/v2\/users\/1"}],"replies":[{"embeddable":true,"href":"https:\/\/fala.host\/index.php\/wp-json\/wp\/v2\/comments?post=1139"}],"version-history":[{"count":1,"href":"https:\/\/fala.host\/index.php\/wp-json\/wp\/v2\/posts\/1139\/revisions"}],"predecessor-version":[{"id":1142,"href":"https:\/\/fala.host\/index.php\/wp-json\/wp\/v2\/posts\/1139\/revisions\/1142"}],"wp:featuredmedia":[{"embeddable":true,"href":"https:\/\/fala.host\/index.php\/wp-json\/wp\/v2\/media\/1141"}],"wp:attachment":[{"href":"https:\/\/fala.host\/index.php\/wp-json\/wp\/v2\/media?parent=1139"}],"wp:term":[{"taxonomy":"category","embeddable":true,"href":"https:\/\/fala.host\/index.php\/wp-json\/wp\/v2\/categories?post=1139"},{"taxonomy":"post_tag","embeddable":true,"href":"https:\/\/fala.host\/index.php\/wp-json\/wp\/v2\/tags?post=1139"}],"curies":[{"name":"wp","href":"https:\/\/api.w.org\/{rel}","templated":true}]}}