{"id":1136,"date":"2022-06-03T11:07:21","date_gmt":"2022-06-03T14:07:21","guid":{"rendered":"https:\/\/fala.host\/?p=1136"},"modified":"2022-06-03T11:07:23","modified_gmt":"2022-06-03T14:07:23","slug":"enquete-na-sua-opiniao-qual-foi-o-principal-motivo-do-crescimento-do-brasil-em-2022","status":"publish","type":"post","link":"https:\/\/fala.host\/index.php\/2022\/06\/03\/enquete-na-sua-opiniao-qual-foi-o-principal-motivo-do-crescimento-do-brasil-em-2022\/","title":{"rendered":"ENQUETE: Na sua opini\u00e3o qual foi o principal motivo do crescimento do Brasil em 2022?"},"content":{"rendered":"\n<p class=\"has-text-align-center\">Fontes: <a href=\"https:\/\/jovempannewscampinas.com.br\/com-alta-do-pib-brasil-volta-ao-top-10-das-economias-do-mundo\/\" target=\"_blank\" rel=\"noreferrer noopener\">Jovem Pan News Campinas<\/a>, <a href=\"https:\/\/www.cnnbrasil.com.br\/business\/com-dado-do-1o-tri-brasil-fica-em-9o-lugar-em-crescimento-do-pib-em-ranking-com-32-paises\/\" target=\"_blank\" rel=\"noreferrer noopener\">CNN Brasil<\/a>, <a href=\"https:\/\/valor.globo.com\/brasil\/noticia\/2022\/06\/02\/pib-do-brasil-cresce-1percent-no-primeiro-trimestre-de-2022.ghtml\" target=\"_blank\" rel=\"noreferrer noopener\">Valor Econ\u00f4mico<\/a> e <a href=\"https:\/\/noticias.r7.com\/economia\/pib-do-brasil-fica-em-9-lugar-de-ranking-com-32-paises-02062022\" target=\"_blank\" rel=\"noreferrer noopener\">R7<\/a>.<\/p>\n\n\n\n<p class=\"has-medium-font-size\">V\u00e1rios ve\u00edculos de comunica\u00e7\u00e3o divulgaram neste in\u00edcio de Junho\/2022 que o Brasil teve crescimento no PIB e atingiu o <strong>TOP 10<\/strong> dentre muitos pa\u00edses. A Equipe do <strong><span class=\"has-inline-color has-vivid-red-color\">FALA.HOST<\/span><\/strong> quer saber a sua opini\u00e3o: Qual foi o principal fator que motivou esse crescimento? Vote na enquete logo abaixo:<\/p>\n\n\n\n<h2 class=\"wp-block-heading\">Segue a enquete logo abaixo<\/h2>\n\n\n\n\n\n\n<h2 class=\"wp-block-heading\">Aproveite e vote tamb\u00e9m nessas enquetes abaixo<\/h2>\n\n\n\n<figure class=\"wp-block-embed is-type-wp-embed is-provider-fala-host wp-block-embed-fala-host\"><div class=\"wp-block-embed__wrapper\">\n<blockquote class=\"wp-embedded-content\" data-secret=\"bONL000cjE\"><a href=\"https:\/\/fala.host\/index.php\/2021\/08\/28\/na-sua-opiniao-quais-as-pautas-mais-importantes-para-o-brasil-nesse-momento\/\">Na sua opini\u00e3o quais as pautas mais importantes para o Brasil nesse momento?<\/a><\/blockquote><iframe class=\"wp-embedded-content\" sandbox=\"allow-scripts\" security=\"restricted\" style=\"position: absolute; clip: rect(1px, 1px, 1px, 1px);\" title=\"&#8220;Na sua opini\u00e3o quais as pautas mais importantes para o Brasil nesse momento?&#8221; &#8212; Fala Host\" src=\"https:\/\/fala.host\/index.php\/2021\/08\/28\/na-sua-opiniao-quais-as-pautas-mais-importantes-para-o-brasil-nesse-momento\/embed\/#?secret=Hj4DMRMKF6#?secret=bONL000cjE\" data-secret=\"bONL000cjE\" width=\"600\" height=\"338\" frameborder=\"0\" marginwidth=\"0\" marginheight=\"0\" scrolling=\"no\"><\/iframe>\n<\/div><\/figure>\n\n\n\n<figure class=\"wp-block-embed is-type-wp-embed is-provider-fala-host wp-block-embed-fala-host\"><div class=\"wp-block-embed__wrapper\">\n<blockquote class=\"wp-embedded-content\" data-secret=\"Fgq4Pgzz9q\"><a href=\"https:\/\/fala.host\/index.php\/2022\/05\/01\/enquete-voce-participou-das-manifestacoes-do-dia-01maio22-por-favor-compartilhe-seu-video-com-a-gente\/\">Enquete: Voc\u00ea participou das manifesta\u00e7\u00f5es do dia 01MAIO22? Por favor compartilhe seu v\u00eddeo com a gente.<\/a><\/blockquote><iframe class=\"wp-embedded-content\" sandbox=\"allow-scripts\" security=\"restricted\" style=\"position: absolute; clip: rect(1px, 1px, 1px, 1px);\" title=\"&#8220;Enquete: Voc\u00ea participou das manifesta\u00e7\u00f5es do dia 01MAIO22? Por favor compartilhe seu v\u00eddeo com a gente.&#8221; &#8212; Fala Host\" src=\"https:\/\/fala.host\/index.php\/2022\/05\/01\/enquete-voce-participou-das-manifestacoes-do-dia-01maio22-por-favor-compartilhe-seu-video-com-a-gente\/embed\/#?secret=nSoSrksGsc#?secret=Fgq4Pgzz9q\" data-secret=\"Fgq4Pgzz9q\" width=\"600\" height=\"338\" frameborder=\"0\" marginwidth=\"0\" marginheight=\"0\" scrolling=\"no\"><\/iframe>\n<\/div><\/figure>\n\n\n\n<figure class=\"wp-block-embed is-type-wp-embed is-provider-fala-host wp-block-embed-fala-host\"><div class=\"wp-block-embed__wrapper\">\n<blockquote class=\"wp-embedded-content\" data-secret=\"6np29ipGtQ\"><a href=\"https:\/\/fala.host\/index.php\/2021\/10\/10\/por-que-os-precos-de-combustiveis-estao-tao-alto-no-mundo\/\">Por que os pre\u00e7os de combust\u00edveis est\u00e3o t\u00e3o alto no mundo?<\/a><\/blockquote><iframe class=\"wp-embedded-content\" sandbox=\"allow-scripts\" security=\"restricted\" style=\"position: absolute; clip: rect(1px, 1px, 1px, 1px);\" title=\"&#8220;Por que os pre\u00e7os de combust\u00edveis est\u00e3o t\u00e3o alto no mundo?&#8221; &#8212; Fala Host\" src=\"https:\/\/fala.host\/index.php\/2021\/10\/10\/por-que-os-precos-de-combustiveis-estao-tao-alto-no-mundo\/embed\/#?secret=fI0rWdvWcN#?secret=6np29ipGtQ\" data-secret=\"6np29ipGtQ\" width=\"600\" height=\"338\" frameborder=\"0\" marginwidth=\"0\" marginheight=\"0\" scrolling=\"no\"><\/iframe>\n<\/div><\/figure>\n","protected":false},"excerpt":{"rendered":"<p>Fontes: Jovem Pan News Campinas, CNN Brasil, Valor Econ\u00f4mico e R7. V\u00e1rios ve\u00edculos de comunica\u00e7\u00e3o&#8230;<\/p>\n","protected":false},"author":1,"featured_media":1137,"comment_status":"open","ping_status":"open","sticky":false,"template":"","format":"standard","meta":{"om_disable_all_campaigns":false,"_monsterinsights_skip_tracking":false,"_monsterinsights_sitenote_active":false,"_monsterinsights_sitenote_note":"","_monsterinsights_sitenote_category":0,"footnotes":""},"categories":[128,43,27,129,96,53,61,80,42,41,59,57,1,28],"tags":[],"aioseo_notices":[],"_links":{"self":[{"href":"https:\/\/fala.host\/index.php\/wp-json\/wp\/v2\/posts\/1136"}],"collection":[{"href":"https:\/\/fala.host\/index.php\/wp-json\/wp\/v2\/posts"}],"about":[{"href":"https:\/\/fala.host\/index.php\/wp-json\/wp\/v2\/types\/post"}],"author":[{"embeddable":true,"href":"https:\/\/fala.host\/index.php\/wp-json\/wp\/v2\/users\/1"}],"replies":[{"embeddable":true,"href":"https:\/\/fala.host\/index.php\/wp-json\/wp\/v2\/comments?post=1136"}],"version-history":[{"count":1,"href":"https:\/\/fala.host\/index.php\/wp-json\/wp\/v2\/posts\/1136\/revisions"}],"predecessor-version":[{"id":1138,"href":"https:\/\/fala.host\/index.php\/wp-json\/wp\/v2\/posts\/1136\/revisions\/1138"}],"wp:featuredmedia":[{"embeddable":true,"href":"https:\/\/fala.host\/index.php\/wp-json\/wp\/v2\/media\/1137"}],"wp:attachment":[{"href":"https:\/\/fala.host\/index.php\/wp-json\/wp\/v2\/media?parent=1136"}],"wp:term":[{"taxonomy":"category","embeddable":true,"href":"https:\/\/fala.host\/index.php\/wp-json\/wp\/v2\/categories?post=1136"},{"taxonomy":"post_tag","embeddable":true,"href":"https:\/\/fala.host\/index.php\/wp-json\/wp\/v2\/tags?post=1136"}],"curies":[{"name":"wp","href":"https:\/\/api.w.org\/{rel}","templated":true}]}}