{"id":1066,"date":"2022-05-14T20:45:08","date_gmt":"2022-05-14T23:45:08","guid":{"rendered":"https:\/\/fala.host\/?p=1066"},"modified":"2022-05-15T15:59:01","modified_gmt":"2022-05-15T18:59:01","slug":"vc-concorda-com-a-fala-do-ministro-de-que-as-fas-sao-orientadas-a-atacar-o-sistema-eleitoral","status":"publish","type":"post","link":"https:\/\/fala.host\/index.php\/2022\/05\/14\/vc-concorda-com-a-fala-do-ministro-de-que-as-fas-sao-orientadas-a-atacar-o-sistema-eleitoral\/","title":{"rendered":"Vc concorda com a fala do Ministro de que as FAs s\u00e3o orientadas a atacar o sistema eleitoral?"},"content":{"rendered":"\n<p class=\"has-medium-font-size\">Um Ministro disse em suas cotidianas express\u00f5es fora dos autos que as <strong>FOR\u00c7AS ARMADAS<\/strong> est\u00e3o sendo orientadas a atacar o sistema eleitoral. Voc\u00ea concorda com esta afirma\u00e7\u00e3o? Vote na enquete abaixo e compartilhe para ver se a popula\u00e7\u00e3o concorda ou n\u00e3o com o Ministro.<\/p>\n\n\n\n<h2 class=\"wp-block-heading\">Segue abaixo a enquete<\/h2>\n\n\n\n\n\n\n<h2 class=\"wp-block-heading\" id=\"block-bc396686-3554-49cb-af6b-5b5b5a6eebc4\">Participe de nossos gruposnas redes sociais:<\/h2>\n\n\n\n<figure class=\"wp-block-embed is-type-wp-embed is-provider-fala-host wp-block-embed-fala-host\"><div class=\"wp-block-embed__wrapper\">\n<blockquote class=\"wp-embedded-content\" data-secret=\"Pyb8QNuWL2\"><a href=\"https:\/\/fala.host\/index.php\/grupos\/\">Grupos<\/a><\/blockquote><iframe class=\"wp-embedded-content\" sandbox=\"allow-scripts\" security=\"restricted\" style=\"position: absolute; clip: rect(1px, 1px, 1px, 1px);\" title=\"&#8220;Grupos&#8221; &#8212; Fala Host\" src=\"https:\/\/fala.host\/index.php\/grupos\/embed\/#?secret=MiUfvcFG9F#?secret=Pyb8QNuWL2\" data-secret=\"Pyb8QNuWL2\" width=\"600\" height=\"338\" frameborder=\"0\" marginwidth=\"0\" marginheight=\"0\" scrolling=\"no\"><\/iframe>\n<\/div><\/figure>\n\n\n\n<h2 class=\"wp-block-heading\" id=\"block-34e63179-66eb-4f12-be83-d8a91651a790\">Aproveite e vote nessas enquetes tamb\u00e9m:<\/h2>\n\n\n\n<figure class=\"wp-block-embed is-type-wp-embed is-provider-fala-host wp-block-embed-fala-host\"><div class=\"wp-block-embed__wrapper\">\n<blockquote class=\"wp-embedded-content\" data-secret=\"IVW4Wln1I8\"><a href=\"https:\/\/fala.host\/index.php\/2022\/05\/05\/enquete-bolsonaro-vai-contratar-empresa-para-auditar-as-eleicoes-voce-e-a-favor-ou-contra\/\">ENQUETE: Bolsonaro vai contratar empresa para auditar as elei\u00e7\u00f5es, voc\u00ea \u00e9 a favor ou contra?<\/a><\/blockquote><iframe class=\"wp-embedded-content\" sandbox=\"allow-scripts\" security=\"restricted\" style=\"position: absolute; clip: rect(1px, 1px, 1px, 1px);\" title=\"&#8220;ENQUETE: Bolsonaro vai contratar empresa para auditar as elei\u00e7\u00f5es, voc\u00ea \u00e9 a favor ou contra?&#8221; &#8212; Fala Host\" src=\"https:\/\/fala.host\/index.php\/2022\/05\/05\/enquete-bolsonaro-vai-contratar-empresa-para-auditar-as-eleicoes-voce-e-a-favor-ou-contra\/embed\/#?secret=McDJmwqzby#?secret=IVW4Wln1I8\" data-secret=\"IVW4Wln1I8\" width=\"600\" height=\"338\" frameborder=\"0\" marginwidth=\"0\" marginheight=\"0\" scrolling=\"no\"><\/iframe>\n<\/div><\/figure>\n\n\n\n<figure class=\"wp-block-embed is-type-wp-embed is-provider-fala-host wp-block-embed-fala-host\"><div class=\"wp-block-embed__wrapper\">\n<blockquote class=\"wp-embedded-content\" data-secret=\"1zfVe641ix\"><a href=\"https:\/\/fala.host\/index.php\/2022\/03\/27\/voce-acredita-nas-pesquisas-eleitorais-realizadas-por-institutos-de-pesquisas\/\">Voc\u00ea acredita nas pesquisas eleitorais realizadas por institutos de pesquisas?<\/a><\/blockquote><iframe class=\"wp-embedded-content\" sandbox=\"allow-scripts\" security=\"restricted\" style=\"position: absolute; clip: rect(1px, 1px, 1px, 1px);\" title=\"&#8220;Voc\u00ea acredita nas pesquisas eleitorais realizadas por institutos de pesquisas?&#8221; &#8212; Fala Host\" src=\"https:\/\/fala.host\/index.php\/2022\/03\/27\/voce-acredita-nas-pesquisas-eleitorais-realizadas-por-institutos-de-pesquisas\/embed\/#?secret=JAdG91MXtn#?secret=1zfVe641ix\" data-secret=\"1zfVe641ix\" width=\"600\" height=\"338\" frameborder=\"0\" marginwidth=\"0\" marginheight=\"0\" scrolling=\"no\"><\/iframe>\n<\/div><\/figure>\n","protected":false},"excerpt":{"rendered":"<p>Um Ministro disse em suas cotidianas express\u00f5es fora dos autos que as FOR\u00c7AS ARMADAS est\u00e3o&#8230;<\/p>\n","protected":false},"author":1,"featured_media":1067,"comment_status":"open","ping_status":"open","sticky":false,"template":"","format":"standard","meta":{"om_disable_all_campaigns":false,"_monsterinsights_skip_tracking":false,"_monsterinsights_sitenote_active":false,"_monsterinsights_sitenote_note":"","_monsterinsights_sitenote_category":0,"footnotes":""},"categories":[108,43,18,10,20,126,8,30,88,75,68,33,37,34,63,72,101,59,102,57,121,100,14,1,21,4],"tags":[],"aioseo_notices":[],"_links":{"self":[{"href":"https:\/\/fala.host\/index.php\/wp-json\/wp\/v2\/posts\/1066"}],"collection":[{"href":"https:\/\/fala.host\/index.php\/wp-json\/wp\/v2\/posts"}],"about":[{"href":"https:\/\/fala.host\/index.php\/wp-json\/wp\/v2\/types\/post"}],"author":[{"embeddable":true,"href":"https:\/\/fala.host\/index.php\/wp-json\/wp\/v2\/users\/1"}],"replies":[{"embeddable":true,"href":"https:\/\/fala.host\/index.php\/wp-json\/wp\/v2\/comments?post=1066"}],"version-history":[{"count":2,"href":"https:\/\/fala.host\/index.php\/wp-json\/wp\/v2\/posts\/1066\/revisions"}],"predecessor-version":[{"id":1076,"href":"https:\/\/fala.host\/index.php\/wp-json\/wp\/v2\/posts\/1066\/revisions\/1076"}],"wp:featuredmedia":[{"embeddable":true,"href":"https:\/\/fala.host\/index.php\/wp-json\/wp\/v2\/media\/1067"}],"wp:attachment":[{"href":"https:\/\/fala.host\/index.php\/wp-json\/wp\/v2\/media?parent=1066"}],"wp:term":[{"taxonomy":"category","embeddable":true,"href":"https:\/\/fala.host\/index.php\/wp-json\/wp\/v2\/categories?post=1066"},{"taxonomy":"post_tag","embeddable":true,"href":"https:\/\/fala.host\/index.php\/wp-json\/wp\/v2\/tags?post=1066"}],"curies":[{"name":"wp","href":"https:\/\/api.w.org\/{rel}","templated":true}]}}