{"id":468,"date":"2021-05-30T16:18:51","date_gmt":"2021-05-30T16:18:51","guid":{"rendered":"https:\/\/fala.host\/bolsonarotemrazao\/?p=468"},"modified":"2021-10-10T21:24:46","modified_gmt":"2021-10-10T21:24:46","slug":"mesmo-em-plena-pandemia-brasil-arrecada-13-a-mais-em-2021-sem-aumentar-impostos","status":"publish","type":"post","link":"https:\/\/fala.host\/bolsonarotemrazao\/2021\/05\/30\/mesmo-em-plena-pandemia-brasil-arrecada-13-a-mais-em-2021-sem-aumentar-impostos\/","title":{"rendered":"Mesmo em plena pandemia Brasil arrecada 13% a mais em 2021 sem aumentar impostos"},"content":{"rendered":"\n<p class=\"has-medium-font-size\">Mesmo em tempos de pandemia, quando Governadores e Prefeitos fecharam o com\u00e9rcio, destru\u00edram empresas e empregos, mesmo tendo Bolsonaro reduzido in\u00fameros impostos de in\u00fameros produtos, em Abril de 2021 o Brasil bateu recorde de arrecada\u00e7\u00e3o, acima de 156 Bilh\u00f5es de Reais, representando um acr\u00e9scimo de 13% em rela\u00e7\u00e3o a Abril de 2020. Se levarmos em considera\u00e7\u00e3o de Janeiro a Abril, a arrecada\u00e7\u00e3o atingiu 600 Bilh\u00f5es de reais, tornando-se a maior arrecada\u00e7\u00e3o desde o ano de 2000.<\/p>\n\n\n\n<iframe loading=\"lazy\" title=\"Voc\u00ea apoia o voto impresso\" src=\"https:\/\/zsistemas.com.br\/anum.php\" name=\"centro\" width=\"100%\" height=\"400\" data-mce-fragment=\"1\"><\/iframe>\n\n\n\n<figure class=\"wp-block-embed is-type-video is-provider-youtube wp-block-embed-youtube wp-embed-aspect-16-9 wp-has-aspect-ratio\"><div class=\"wp-block-embed__wrapper\">\n<iframe loading=\"lazy\" title=\"Receita Federal - Arrecada\u00e7\u00e3o de Abril 2021\" width=\"500\" height=\"281\" src=\"https:\/\/www.youtube.com\/embed\/lG1oZGnCoUs?feature=oembed\" frameborder=\"0\" allow=\"accelerometer; autoplay; clipboard-write; encrypted-media; gyroscope; picture-in-picture\" allowfullscreen><\/iframe>\n<\/div><figcaption>F\u00e1bio Burch Salvador<br>Agente da Receita Federal<\/figcaption><\/figure>\n\n\n\n<p class=\"has-small-font-size\"><a href=\"https:\/\/fala.host\/bolsonarotemrazao\/wp-content\/uploads\/2021\/05\/Fabio-Burch-Salvador.mp4\" target=\"_blank\" rel=\"noreferrer noopener\">Acessar offline o v\u00eddeo acima.<\/a><\/p>\n\n\n\n<p class=\"has-text-align-center has-very-light-gray-color has-vivid-green-cyan-background-color has-text-color has-background has-medium-font-size\">Esse \u00e9 o Governo de Jair Bolsonaro, que n\u00e3o rouba e n\u00e3o deixa roubar.<\/p>\n","protected":false},"excerpt":{"rendered":"<p>Mesmo em tempos de pandemia, quando Governadores e Prefeitos fecharam o com\u00e9rcio, destru\u00edram empresas e empregos, mesmo tendo Bolsonaro reduzido in\u00fameros impostos de in\u00fameros produtos, em Abril de 2021 o&#8230;<\/p>\n","protected":false},"author":1,"featured_media":469,"comment_status":"open","ping_status":"open","sticky":false,"template":"","format":"standard","meta":{"om_disable_all_campaigns":false,"_monsterinsights_skip_tracking":false,"_monsterinsights_sitenote_active":false,"_monsterinsights_sitenote_note":"","_monsterinsights_sitenote_category":0},"categories":[125,70,91,27,38,77,21,69,128,130,48,43,89,44,1],"tags":[],"aioseo_notices":[],"_links":{"self":[{"href":"https:\/\/fala.host\/bolsonarotemrazao\/wp-json\/wp\/v2\/posts\/468"}],"collection":[{"href":"https:\/\/fala.host\/bolsonarotemrazao\/wp-json\/wp\/v2\/posts"}],"about":[{"href":"https:\/\/fala.host\/bolsonarotemrazao\/wp-json\/wp\/v2\/types\/post"}],"author":[{"embeddable":true,"href":"https:\/\/fala.host\/bolsonarotemrazao\/wp-json\/wp\/v2\/users\/1"}],"replies":[{"embeddable":true,"href":"https:\/\/fala.host\/bolsonarotemrazao\/wp-json\/wp\/v2\/comments?post=468"}],"version-history":[{"count":5,"href":"https:\/\/fala.host\/bolsonarotemrazao\/wp-json\/wp\/v2\/posts\/468\/revisions"}],"predecessor-version":[{"id":621,"href":"https:\/\/fala.host\/bolsonarotemrazao\/wp-json\/wp\/v2\/posts\/468\/revisions\/621"}],"wp:featuredmedia":[{"embeddable":true,"href":"https:\/\/fala.host\/bolsonarotemrazao\/wp-json\/wp\/v2\/media\/469"}],"wp:attachment":[{"href":"https:\/\/fala.host\/bolsonarotemrazao\/wp-json\/wp\/v2\/media?parent=468"}],"wp:term":[{"taxonomy":"category","embeddable":true,"href":"https:\/\/fala.host\/bolsonarotemrazao\/wp-json\/wp\/v2\/categories?post=468"},{"taxonomy":"post_tag","embeddable":true,"href":"https:\/\/fala.host\/bolsonarotemrazao\/wp-json\/wp\/v2\/tags?post=468"}],"curies":[{"name":"wp","href":"https:\/\/api.w.org\/{rel}","templated":true}]}}